{"id":2337,"date":"2025-02-05T13:44:23","date_gmt":"2025-02-05T13:44:23","guid":{"rendered":"https:\/\/uks-gladiator.pl\/?p=2337"},"modified":"2025-02-25T13:44:45","modified_gmt":"2025-02-25T13:44:45","slug":"sparingi-w-gorlicach-3","status":"publish","type":"post","link":"https:\/\/uks-gladiator.pl\/?p=2337","title":{"rendered":"Sparingi w Gorlicach"},"content":{"rendered":"\n<p>Kolejna wyjazdowa sesja sparingowa za nami<img loading=\"lazy\" decoding=\"async\" height=\"16\" width=\"16\" alt=\"\u203c\ufe0f\" src=\"https:\/\/static.xx.fbcdn.net\/images\/emoji.php\/v9\/t79\/3\/16\/203c.png\"><\/p>\n\n\n\n<p>Niespe\u0142na 20 osobow\u0105 ekip\u0105 Gladiatora go\u015bcili\u015bmy w Gorlicach w klubie <a href=\"https:\/\/l.facebook.com\/l.php?u=https%3A%2F%2Fwww.instagram.com%2F_u%2Fgorlickie_lwy%3Ffbclid%3DIwZXh0bgNhZW0CMTAAAR1Ca4BllBOSu0W_4W1Nw0PY6AIgoS9dMGeezvFWmM-U2VJM2IiHOs0lFNg_aem_AlbdmT1OQ5TrRZNeLkPKCg&amp;h=AT24gnLTKKHJrOo4uAnNt8ogaph-SENAnJncBfERhO0Ly1OkEHzvHKJ8oGp2y27Ntf0kC-jPVYwLt_MiCpTe8BMk4hj_TBmDQX6cVK43BjSCXpkaeHwf2WMc6th2xWH2sPeY&amp;__tn__=-UK-R&amp;c[0]=AT2R5Cpq8oE-80ofEy_9nrvAySgChATL1GpjA5cwRLcYB3wl4L_Wvm2ujlb8D_TH0GPVNNadqEjurFHqiWS9VArKhJBgJdNZbGR0upkCbW936gBezsVBq9eAiuw-OczHuXm4inwfPGCu2ECOkyKuHwAsumYZzengLTV0Nis8uDoghd0u98QbwT_MgV8DEvgna1-uTrIt0437BNRBs_J1hdhMSkc\" rel=\"noreferrer noopener\" target=\"_blank\">@gorlickie_lwy<\/a> u trenera @mordazsali !<\/p>\n\n\n\n<p>Dodatkowo w sparingach brali udzia\u0142 zawodnicy z <a href=\"https:\/\/l.facebook.com\/l.php?u=https%3A%2F%2Fwww.instagram.com%2F_u%2Fk1biecz%3Ffbclid%3DIwZXh0bgNhZW0CMTAAAR2IksUXV-B9cRdArNyhLbjtICXNqy4wDb7E3wq0aE7juGvr8ggkFFlkvUs_aem_uqlMjP-0_svjaTLkOWWvnQ&amp;h=AT2nG1cP-bBxwS4z9p-BbwpBRZKKcWEJv4TaAXo7JAxHgpl5akDiSuoai1_xFBQAhnM8gIsP0S-oPuThWm1su_I_EniSYuww1OJiQrFhh4ghfM1ecz52cJ-zgorCkdKRCtBZ&amp;__tn__=-UK-R&amp;c[0]=AT2R5Cpq8oE-80ofEy_9nrvAySgChATL1GpjA5cwRLcYB3wl4L_Wvm2ujlb8D_TH0GPVNNadqEjurFHqiWS9VArKhJBgJdNZbGR0upkCbW936gBezsVBq9eAiuw-OczHuXm4inwfPGCu2ECOkyKuHwAsumYZzengLTV0Nis8uDoghd0u98QbwT_MgV8DEvgna1-uTrIt0437BNRBs_J1hdhMSkc\" rel=\"noreferrer noopener\" target=\"_blank\">@k1biecz<\/a> !<\/p>\n\n\n\n<p>Dzi\u0119kujemy za go\u015bcin\u0119 i fajn\u0105 wymian\u0119 do\u015bwiadcze\u0144!<\/p>\n\n\n\n<p><a><\/a>Wyjazd sponsorowany przez naszych niezast\u0105pionych sponsor\u00f3w klubowych:<\/p>\n\n\n\n<p>MAROGOBUD <a href=\"https:\/\/www.instagram.com\/_u\/andrzejogo?fbclid=IwZXh0bgNhZW0CMTAAAR13WyeiSNpYaWCixFfI0P46w3u78HIz3m55yZ8rv7ZC5kYZMbx_yjInp_Q_aem_2j7FEB8zZKb1A6KmzUT3xA\" rel=\"noreferrer noopener\" target=\"_blank\">@andrzejogo<\/a><\/p>\n\n\n\n<p>KOMIS SEKU\u0141A <a href=\"https:\/\/www.instagram.com\/_u\/g_sekula?fbclid=IwZXh0bgNhZW0CMTAAAR34MHvWp1g_rcFZCOO6HtUkbfE6qFjjHkVog_QwbpJtFvS4KxEEwcmO32A_aem_UqNga0v2KFuunneWHRh_GQ\" rel=\"noreferrer noopener\" target=\"_blank\">@g_sekula<\/a><\/p>\n\n\n\n<p>Dzi\u0119kujemy !<\/p>\n\n\n\n<figure class=\"wp-block-image size-large\"><img loading=\"lazy\" decoding=\"async\" width=\"1024\" height=\"852\" src=\"https:\/\/uks-gladiator.pl\/wp-content\/uploads\/2025\/02\/476588317_18284315602217363_8709031078580255949_n-1024x852.jpg\" alt=\"\" class=\"wp-image-2338\" srcset=\"https:\/\/uks-gladiator.pl\/wp-content\/uploads\/2025\/02\/476588317_18284315602217363_8709031078580255949_n-1024x852.jpg 1024w, https:\/\/uks-gladiator.pl\/wp-content\/uploads\/2025\/02\/476588317_18284315602217363_8709031078580255949_n-300x250.jpg 300w, https:\/\/uks-gladiator.pl\/wp-content\/uploads\/2025\/02\/476588317_18284315602217363_8709031078580255949_n-768x639.jpg 768w, https:\/\/uks-gladiator.pl\/wp-content\/uploads\/2025\/02\/476588317_18284315602217363_8709031078580255949_n.jpg 1440w\" sizes=\"auto, (max-width: 767px) 89vw, (max-width: 1000px) 54vw, (max-width: 1071px) 543px, 580px\" \/><\/figure>\n","protected":false},"excerpt":{"rendered":"<p>Kolejna wyjazdowa sesja sparingowa za nami Niespe\u0142na 20 osobow\u0105 ekip\u0105 Gladiatora go\u015bcili\u015bmy w Gorlicach w klubie @gorlickie_lwy u trenera @mordazsali ! Dodatkowo w sparingach brali udzia\u0142 zawodnicy z @k1biecz ! Dzi\u0119kujemy za go\u015bcin\u0119 i fajn\u0105 wymian\u0119 do\u015bwiadcze\u0144! Wyjazd sponsorowany przez naszych niezast\u0105pionych sponsor\u00f3w klubowych: MAROGOBUD @andrzejogo KOMIS SEKU\u0141A @g_sekula Dzi\u0119kujemy !<\/p>\n","protected":false},"author":1,"featured_media":0,"comment_status":"closed","ping_status":"open","sticky":false,"template":"","format":"standard","meta":{"footnotes":""},"categories":[1],"tags":[],"class_list":["post-2337","post","type-post","status-publish","format-standard","hentry","category-uncategorized"],"_links":{"self":[{"href":"https:\/\/uks-gladiator.pl\/index.php?rest_route=\/wp\/v2\/posts\/2337","targetHints":{"allow":["GET"]}}],"collection":[{"href":"https:\/\/uks-gladiator.pl\/index.php?rest_route=\/wp\/v2\/posts"}],"about":[{"href":"https:\/\/uks-gladiator.pl\/index.php?rest_route=\/wp\/v2\/types\/post"}],"author":[{"embeddable":true,"href":"https:\/\/uks-gladiator.pl\/index.php?rest_route=\/wp\/v2\/users\/1"}],"replies":[{"embeddable":true,"href":"https:\/\/uks-gladiator.pl\/index.php?rest_route=%2Fwp%2Fv2%2Fcomments&post=2337"}],"version-history":[{"count":1,"href":"https:\/\/uks-gladiator.pl\/index.php?rest_route=\/wp\/v2\/posts\/2337\/revisions"}],"predecessor-version":[{"id":2339,"href":"https:\/\/uks-gladiator.pl\/index.php?rest_route=\/wp\/v2\/posts\/2337\/revisions\/2339"}],"wp:attachment":[{"href":"https:\/\/uks-gladiator.pl\/index.php?rest_route=%2Fwp%2Fv2%2Fmedia&parent=2337"}],"wp:term":[{"taxonomy":"category","embeddable":true,"href":"https:\/\/uks-gladiator.pl\/index.php?rest_route=%2Fwp%2Fv2%2Fcategories&post=2337"},{"taxonomy":"post_tag","embeddable":true,"href":"https:\/\/uks-gladiator.pl\/index.php?rest_route=%2Fwp%2Fv2%2Ftags&post=2337"}],"curies":[{"name":"wp","href":"https:\/\/api.w.org\/{rel}","templated":true}]}}