{"id":236,"date":"2016-08-16T21:57:39","date_gmt":"2016-08-16T21:57:39","guid":{"rendered":""},"modified":"-0001-11-30T00:00:00","modified_gmt":"-0001-11-30T00:00:00","slug":"31 ","status":"publish","type":"post","link":"https:\/\/uks-gladiator.pl\/?p=236","title":{"rendered":"Zgrupowanie Kadry Narodowej w Opocznie i ko\u0144c\u00f3wka przygotowa\u0144 do Mistrzostw \u015awiata !"},"content":{"rendered":"<p>Ko\u0144cz\u0105 si\u0119 powoli przygotowania naszych zawodnik\u00f3w do Mistrzostw \u015awiata w Dublinie. Jednym z ostatnich element\u00f3w przygotowa\u0144 by\u0142o zgrupowanie Kadry Narodowej w Opocznie na kt\u00f3rym nasi zawodnicy wg. trenera kadry spisali si\u0119 wzorowo ! liczymy na medale ! \ud83d\ude42 Jeszcze do ko\u0144ca tygodnia ci\u0119\u017cko trenujemy w klubie, p\u00f3\u017aniej lu\u017any tydzie\u0144, regeneracja i 26 go sierpnia wyjazd do Dublina po trzy z\u0142ote kr\u0105\u017cki ! ! ! Trzymajcie kciuki za Anka Gomu\u0142ka, Julia Oleksy i Szymon G\u00f3ra !<\/p>\n","protected":false},"excerpt":{"rendered":"<p>Ko\u0144cz\u0105 si\u0119 powoli przygotowania naszych zawodnik\u00f3w do Mistrzostw \u015awiata w Dublinie. Jednym z ostatnich element\u00f3w przygotowa\u0144 by\u0142o zgrupowanie Kadry Narodowej w Opocznie na kt\u00f3rym nasi zawodnicy wg. trenera kadry spisali si\u0119 wzorowo ! liczymy na medale ! \ud83d\ude42 Jeszcze do ko\u0144ca tygodnia ci\u0119\u017cko trenujemy w klubie, p\u00f3\u017aniej lu\u017any tydzie\u0144, regeneracja i 26 go sierpnia wyjazd &hellip; <\/p>\n<p class=\"link-more\"><a href=\"https:\/\/uks-gladiator.pl\/?p=236\" class=\"more-link\">Continue reading<span class=\"screen-reader-text\"> &#8220;Zgrupowanie Kadry Narodowej w Opocznie i ko\u0144c\u00f3wka przygotowa\u0144 do Mistrzostw \u015awiata !&#8221;<\/span><\/a><\/p>\n","protected":false},"author":1,"featured_media":0,"comment_status":"open","ping_status":"open","sticky":false,"template":"","format":"standard","meta":{"footnotes":""},"categories":[],"tags":[],"class_list":["post-236","post","type-post","status-publish","format-standard","hentry"],"_links":{"self":[{"href":"https:\/\/uks-gladiator.pl\/index.php?rest_route=\/wp\/v2\/posts\/236","targetHints":{"allow":["GET"]}}],"collection":[{"href":"https:\/\/uks-gladiator.pl\/index.php?rest_route=\/wp\/v2\/posts"}],"about":[{"href":"https:\/\/uks-gladiator.pl\/index.php?rest_route=\/wp\/v2\/types\/post"}],"author":[{"embeddable":true,"href":"https:\/\/uks-gladiator.pl\/index.php?rest_route=\/wp\/v2\/users\/1"}],"replies":[{"embeddable":true,"href":"https:\/\/uks-gladiator.pl\/index.php?rest_route=%2Fwp%2Fv2%2Fcomments&post=236"}],"version-history":[{"count":0,"href":"https:\/\/uks-gladiator.pl\/index.php?rest_route=\/wp\/v2\/posts\/236\/revisions"}],"wp:attachment":[{"href":"https:\/\/uks-gladiator.pl\/index.php?rest_route=%2Fwp%2Fv2%2Fmedia&parent=236"}],"wp:term":[{"taxonomy":"category","embeddable":true,"href":"https:\/\/uks-gladiator.pl\/index.php?rest_route=%2Fwp%2Fv2%2Fcategories&post=236"},{"taxonomy":"post_tag","embeddable":true,"href":"https:\/\/uks-gladiator.pl\/index.php?rest_route=%2Fwp%2Fv2%2Ftags&post=236"}],"curies":[{"name":"wp","href":"https:\/\/api.w.org\/{rel}","templated":true}]}}