{"id":2379,"date":"2025-04-04T13:08:00","date_gmt":"2025-04-04T13:08:00","guid":{"rendered":"https:\/\/uks-gladiator.pl\/?p=2379"},"modified":"2025-06-04T13:10:05","modified_gmt":"2025-06-04T13:10:05","slug":"zgrupowanie-kadry-narodowej-juniorow-fullcontact","status":"publish","type":"post","link":"https:\/\/uks-gladiator.pl\/?p=2379","title":{"rendered":"Zgrupowanie kadry narodowej junior\u00f3w Fullcontact"},"content":{"rendered":"\n<p>Czw\u00f3rka naszych zawodnik\u00f3w przebywa w\u0142a\u015bnie na zgrupowaniu Kadry Polski junior\u00f3w Fullcontact w Strzelcach Kraje\u0144skich.<\/p>\n\n\n\n<p><a><\/a>Zgrupowanie jest pierwszym elementem przygotowa\u0144 do tegorocznych Mistrzostw Europy w Portugalii!<\/p>\n\n\n\n<p>Powo\u0142ani zawodnicy to:<\/p>\n\n\n\n<p>&#8211; Kacper Ogorzalek<br>&#8211; Patryk Pacu\u0142a<br>&#8211; Jakub Mikulski<br>&#8211; Mateusz Durlak<\/p>\n\n\n\n<p>Na zdj\u0119ciu z trenerem kadry Rafa\u0142em Bagi\u0144skim!<\/p>\n\n\n\n<p>Trzymamy kciuki za owocny czas trening\u00f3w ! <img loading=\"lazy\" decoding=\"async\" height=\"16\" width=\"16\" alt=\"\ud83d\ude09\" src=\"https:\/\/static.xx.fbcdn.net\/images\/emoji.php\/v9\/t95\/3\/16\/1f609.png\"><\/p>\n\n\n\n<p>Sponsorzy:<\/p>\n\n\n\n<p>Komis Seku\u0142a<br>Marogobud<br>Filipowicz Budownictwo<br>Kodent<br>Gmina Grybow<br>Starostwo Powiatowe w Nowym S\u0105czu<br><a href=\"https:\/\/www.facebook.com\/profile.php?id=100049412423080&amp;__cft__[0]=AZXSUiSbub6Pk9wa2LWUGUq6FdStgIIVuyXz43MmGjVXg7F96G0sI5Tz0qj7hwTGClulXVIctXqPhZ_ZzL_MP7VOlmSdZ9_7tXuYxB6eRVUY2br_-dQtGxotX46Uciz6dlafbKEsK9Kv2Rft3YZogxHdXDa3jZB-p01xfQBT2LUnuTxvcYic9ydPN1ZmeYs8s1qcFs0q1jpjqZaQjIY2mwi5&amp;__tn__=-]K-R\">Grzegorz Seku\u0142a<\/a><br><a href=\"https:\/\/www.facebook.com\/marogobud?__cft__[0]=AZXSUiSbub6Pk9wa2LWUGUq6FdStgIIVuyXz43MmGjVXg7F96G0sI5Tz0qj7hwTGClulXVIctXqPhZ_ZzL_MP7VOlmSdZ9_7tXuYxB6eRVUY2br_-dQtGxotX46Uciz6dlafbKEsK9Kv2Rft3YZogxHdXDa3jZB-p01xfQBT2LUnuTxvcYic9ydPN1ZmeYs8s1qcFs0q1jpjqZaQjIY2mwi5&amp;__tn__=-]K-R\">Marogobud Marek Ogorza\u0142ek<\/a><br><a href=\"https:\/\/www.facebook.com\/profile.php?id=100057394511753&amp;__cft__[0]=AZXSUiSbub6Pk9wa2LWUGUq6FdStgIIVuyXz43MmGjVXg7F96G0sI5Tz0qj7hwTGClulXVIctXqPhZ_ZzL_MP7VOlmSdZ9_7tXuYxB6eRVUY2br_-dQtGxotX46Uciz6dlafbKEsK9Kv2Rft3YZogxHdXDa3jZB-p01xfQBT2LUnuTxvcYic9ydPN1ZmeYs8s1qcFs0q1jpjqZaQjIY2mwi5&amp;__tn__=-]K-R\">Budownictwo Filipowicz<\/a><br><a href=\"https:\/\/www.facebook.com\/tadeusz.kocowicz?__cft__[0]=AZXSUiSbub6Pk9wa2LWUGUq6FdStgIIVuyXz43MmGjVXg7F96G0sI5Tz0qj7hwTGClulXVIctXqPhZ_ZzL_MP7VOlmSdZ9_7tXuYxB6eRVUY2br_-dQtGxotX46Uciz6dlafbKEsK9Kv2Rft3YZogxHdXDa3jZB-p01xfQBT2LUnuTxvcYic9ydPN1ZmeYs8s1qcFs0q1jpjqZaQjIY2mwi5&amp;__tn__=-]K-R\">Tadeusz Kocowicz<\/a><br><a href=\"https:\/\/www.facebook.com\/migaczjacek?__cft__[0]=AZXSUiSbub6Pk9wa2LWUGUq6FdStgIIVuyXz43MmGjVXg7F96G0sI5Tz0qj7hwTGClulXVIctXqPhZ_ZzL_MP7VOlmSdZ9_7tXuYxB6eRVUY2br_-dQtGxotX46Uciz6dlafbKEsK9Kv2Rft3YZogxHdXDa3jZB-p01xfQBT2LUnuTxvcYic9ydPN1ZmeYs8s1qcFs0q1jpjqZaQjIY2mwi5&amp;__tn__=-]K-R\">Jacek Migacz &#8211; W\u00f3jt Gminy Gryb\u00f3w<\/a><br><a href=\"https:\/\/www.facebook.com\/sadeckie?__cft__[0]=AZXSUiSbub6Pk9wa2LWUGUq6FdStgIIVuyXz43MmGjVXg7F96G0sI5Tz0qj7hwTGClulXVIctXqPhZ_ZzL_MP7VOlmSdZ9_7tXuYxB6eRVUY2br_-dQtGxotX46Uciz6dlafbKEsK9Kv2Rft3YZogxHdXDa3jZB-p01xfQBT2LUnuTxvcYic9ydPN1ZmeYs8s1qcFs0q1jpjqZaQjIY2mwi5&amp;__tn__=-]K-R\">Starostwo Powiatowe w Nowym S\u0105czu<\/a><br><a href=\"https:\/\/www.facebook.com\/profile.php?id=100076966255237&amp;__cft__[0]=AZXSUiSbub6Pk9wa2LWUGUq6FdStgIIVuyXz43MmGjVXg7F96G0sI5Tz0qj7hwTGClulXVIctXqPhZ_ZzL_MP7VOlmSdZ9_7tXuYxB6eRVUY2br_-dQtGxotX46Uciz6dlafbKEsK9Kv2Rft3YZogxHdXDa3jZB-p01xfQBT2LUnuTxvcYic9ydPN1ZmeYs8s1qcFs0q1jpjqZaQjIY2mwi5&amp;__tn__=-]K-R\">Komis Seku\u0142a<\/a><br>Antoni Koszyk<\/p>\n\n\n\n<figure class=\"wp-block-image size-large\"><img loading=\"lazy\" decoding=\"async\" width=\"2024\" height=\"1761\" src=\"https:\/\/uks-gladiator.pl\/wp-content\/uploads\/2025\/06\/1-1024x891.jpg\" alt=\"\" class=\"wp-image-2380\" srcset=\"https:\/\/uks-gladiator.pl\/wp-content\/uploads\/2025\/06\/1-1024x891.jpg 1024w, https:\/\/uks-gladiator.pl\/wp-content\/uploads\/2025\/06\/1-300x261.jpg 300w, https:\/\/uks-gladiator.pl\/wp-content\/uploads\/2025\/06\/1-768x668.jpg 768w, https:\/\/uks-gladiator.pl\/wp-content\/uploads\/2025\/06\/1-1536x1336.jpg 1536w, https:\/\/uks-gladiator.pl\/wp-content\/uploads\/2025\/06\/1.jpg 2024w\" sizes=\"auto, (max-width: 767px) 89vw, (max-width: 1000px) 54vw, (max-width: 1071px) 543px, 580px\" \/><\/figure>\n","protected":false},"excerpt":{"rendered":"<p>Czw\u00f3rka naszych zawodnik\u00f3w przebywa w\u0142a\u015bnie na zgrupowaniu Kadry Polski junior\u00f3w Fullcontact w Strzelcach Kraje\u0144skich. Zgrupowanie jest pierwszym elementem przygotowa\u0144 do tegorocznych Mistrzostw Europy w Portugalii! Powo\u0142ani zawodnicy to: &#8211; Kacper Ogorzalek&#8211; Patryk Pacu\u0142a&#8211; Jakub Mikulski&#8211; Mateusz Durlak Na zdj\u0119ciu z trenerem kadry Rafa\u0142em Bagi\u0144skim! Trzymamy kciuki za owocny czas trening\u00f3w ! Sponsorzy: Komis Seku\u0142aMarogobudFilipowicz BudownictwoKodentGmina &hellip; <\/p>\n<p class=\"link-more\"><a href=\"https:\/\/uks-gladiator.pl\/?p=2379\" class=\"more-link\">Continue reading<span class=\"screen-reader-text\"> &#8220;Zgrupowanie kadry narodowej junior\u00f3w Fullcontact&#8221;<\/span><\/a><\/p>\n","protected":false},"author":1,"featured_media":0,"comment_status":"closed","ping_status":"open","sticky":false,"template":"","format":"standard","meta":{"footnotes":""},"categories":[1],"tags":[],"class_list":["post-2379","post","type-post","status-publish","format-standard","hentry","category-uncategorized"],"_links":{"self":[{"href":"https:\/\/uks-gladiator.pl\/index.php?rest_route=\/wp\/v2\/posts\/2379","targetHints":{"allow":["GET"]}}],"collection":[{"href":"https:\/\/uks-gladiator.pl\/index.php?rest_route=\/wp\/v2\/posts"}],"about":[{"href":"https:\/\/uks-gladiator.pl\/index.php?rest_route=\/wp\/v2\/types\/post"}],"author":[{"embeddable":true,"href":"https:\/\/uks-gladiator.pl\/index.php?rest_route=\/wp\/v2\/users\/1"}],"replies":[{"embeddable":true,"href":"https:\/\/uks-gladiator.pl\/index.php?rest_route=%2Fwp%2Fv2%2Fcomments&post=2379"}],"version-history":[{"count":1,"href":"https:\/\/uks-gladiator.pl\/index.php?rest_route=\/wp\/v2\/posts\/2379\/revisions"}],"predecessor-version":[{"id":2381,"href":"https:\/\/uks-gladiator.pl\/index.php?rest_route=\/wp\/v2\/posts\/2379\/revisions\/2381"}],"wp:attachment":[{"href":"https:\/\/uks-gladiator.pl\/index.php?rest_route=%2Fwp%2Fv2%2Fmedia&parent=2379"}],"wp:term":[{"taxonomy":"category","embeddable":true,"href":"https:\/\/uks-gladiator.pl\/index.php?rest_route=%2Fwp%2Fv2%2Fcategories&post=2379"},{"taxonomy":"post_tag","embeddable":true,"href":"https:\/\/uks-gladiator.pl\/index.php?rest_route=%2Fwp%2Fv2%2Ftags&post=2379"}],"curies":[{"name":"wp","href":"https:\/\/api.w.org\/{rel}","templated":true}]}}