{"id":2403,"date":"2025-05-18T13:19:00","date_gmt":"2025-05-18T13:19:00","guid":{"rendered":"https:\/\/uks-gladiator.pl\/?p=2403"},"modified":"2025-06-04T13:20:28","modified_gmt":"2025-06-04T13:20:28","slug":"mistrzostwa-polski-lowkick-juniorow","status":"publish","type":"post","link":"https:\/\/uks-gladiator.pl\/?p=2403","title":{"rendered":"Mistrzostwa Polski lowkick junior\u00f3w!"},"content":{"rendered":"\n<p><img loading=\"lazy\" decoding=\"async\" height=\"16\" width=\"16\" alt=\"\ud83d\udd25\" src=\"https:\/\/static.xx.fbcdn.net\/images\/emoji.php\/v9\/t8e\/3\/16\/1f525.png\"> 5 MEDALI na Mistrzostwach Polski Low Kick Junior\u00f3w i M\u0142odzie\u017cowc\u00f3w! <img loading=\"lazy\" decoding=\"async\" height=\"16\" width=\"16\" alt=\"\ud83d\udd25\" src=\"https:\/\/static.xx.fbcdn.net\/images\/emoji.php\/v9\/t8e\/3\/16\/1f525.png\"><\/p>\n\n\n\n<p>3 <a><\/a>dni emocji i mocnych walk! Nasza 8-osobowa ekipa (+trener) wraca z 2 z\u0142otymi <img loading=\"lazy\" decoding=\"async\" height=\"16\" width=\"16\" alt=\"\ud83e\udd47\" src=\"https:\/\/static.xx.fbcdn.net\/images\/emoji.php\/v9\/td2\/3\/16\/1f947.png\"> i 3 br\u0105zowymi medalami <img loading=\"lazy\" decoding=\"async\" height=\"16\" width=\"16\" alt=\"\ud83e\udd48\" src=\"https:\/\/static.xx.fbcdn.net\/images\/emoji.php\/v9\/t53\/3\/16\/1f948.png\">!<\/p>\n\n\n\n<p><img loading=\"lazy\" decoding=\"async\" height=\"16\" width=\"16\" alt=\"\ud83e\udd47\" src=\"https:\/\/static.xx.fbcdn.net\/images\/emoji.php\/v9\/td2\/3\/16\/1f947.png\"> Weronika Og\u00f3rza\u0142ek \u2013 kat. -56 kg juniorek m\u0142odszych<\/p>\n\n\n\n<p><img loading=\"lazy\" decoding=\"async\" height=\"16\" width=\"16\" alt=\"\ud83e\udd47\" src=\"https:\/\/static.xx.fbcdn.net\/images\/emoji.php\/v9\/td2\/3\/16\/1f947.png\"> Kacper Og\u00f3rza\u0142ek \u2013 kat. -75 kg junior\u00f3w m\u0142odszych<\/p>\n\n\n\n<p>(Si\u0142\u0105 jeste\u015bmy\u2026 rodzinnie! <img loading=\"lazy\" decoding=\"async\" height=\"16\" width=\"16\" alt=\"\ud83d\udcaa\" src=\"https:\/\/static.xx.fbcdn.net\/images\/emoji.php\/v9\/taa\/3\/16\/1f4aa.png\">)<\/p>\n\n\n\n<p><img loading=\"lazy\" decoding=\"async\" height=\"16\" width=\"16\" alt=\"\ud83e\udd48\" src=\"https:\/\/static.xx.fbcdn.net\/images\/emoji.php\/v9\/t53\/3\/16\/1f948.png\"> Emanuel Magiera<\/p>\n\n\n\n<p><img loading=\"lazy\" decoding=\"async\" height=\"16\" width=\"16\" alt=\"\ud83e\udd48\" src=\"https:\/\/static.xx.fbcdn.net\/images\/emoji.php\/v9\/t53\/3\/16\/1f948.png\"> Mateusz Durlak<\/p>\n\n\n\n<p><img loading=\"lazy\" decoding=\"async\" height=\"16\" width=\"16\" alt=\"\ud83e\udd48\" src=\"https:\/\/static.xx.fbcdn.net\/images\/emoji.php\/v9\/t53\/3\/16\/1f948.png\"> Patryk Pacu\u0142a<\/p>\n\n\n\n<p>Dzielnie walczyli te\u017c: Kuba Zieli\u0144ski, Julian Obrzut, Artur M\u0119\u017cyk \u2013 szczeg\u00f3lne brawa dla Kuby z naszej sekcji w Krynicy! <img loading=\"lazy\" decoding=\"async\" height=\"16\" width=\"16\" alt=\"\ud83d\udd25\" src=\"https:\/\/static.xx.fbcdn.net\/images\/emoji.php\/v9\/t8e\/3\/16\/1f525.png\"><\/p>\n\n\n\n<p>Pierwszy start w historii sekcji w Mistrzostwach Polski, sekcja prowadzona przez trenera Adriana Migacza \u2013 mocny debiut, zabrak\u0142o tylko odrobiny do\u015bwiadczenia. <img loading=\"lazy\" decoding=\"async\" height=\"16\" width=\"16\" alt=\"\ud83d\ude80\" src=\"https:\/\/static.xx.fbcdn.net\/images\/emoji.php\/v9\/t4\/3\/16\/1f680.png\"><\/p>\n\n\n\n<p>Wszyscy dali z siebie 100% \u2013 jeste\u015bmy z Was dumni! <img loading=\"lazy\" decoding=\"async\" height=\"16\" width=\"16\" alt=\"\ud83d\udcaa\" src=\"https:\/\/static.xx.fbcdn.net\/images\/emoji.php\/v9\/taa\/3\/16\/1f4aa.png\"><\/p>\n\n\n\n<p>Dzi\u0119kujemy naszym sponsorom:<\/p>\n\n\n\n<p>G\u0142\u00f3wnym sponsorem tego wyjazdu by\u0142a Gmina Gryb\u00f3w, kt\u00f3ra wspar\u0142a nas poprzez dotacje!<\/p>\n\n\n\n<p>Dzi\u0119kujemy r\u00f3wnie\u017c firmom:<\/p>\n\n\n\n<p>&#8211; Maragobud,<\/p>\n\n\n\n<p>&#8211; Komis Seku\u0142a<\/p>\n\n\n\n<p>&#8211; Filipowicz Budownictwo,<\/p>\n\n\n\n<p>&#8211; Kodent,<\/p>\n\n\n\n<p>&#8211; Starostwo Powiatowe w Nowym S\u0105czu<\/p>\n\n\n\n<p>Bez Was \u2013 tego sukcesu by nie by\u0142o! <img loading=\"lazy\" decoding=\"async\" height=\"16\" width=\"16\" alt=\"\ud83d\ude4c\" src=\"https:\/\/static.xx.fbcdn.net\/images\/emoji.php\/v9\/t3b\/3\/16\/1f64c.png\"><\/p>\n\n\n\n<figure class=\"wp-block-image size-large\"><img loading=\"lazy\" decoding=\"async\" width=\"1024\" height=\"1024\" src=\"https:\/\/uks-gladiator.pl\/wp-content\/uploads\/2025\/06\/9-1024x1024.jpg\" alt=\"\" class=\"wp-image-2404\" srcset=\"https:\/\/uks-gladiator.pl\/wp-content\/uploads\/2025\/06\/9-1024x1024.jpg 1024w, https:\/\/uks-gladiator.pl\/wp-content\/uploads\/2025\/06\/9-300x300.jpg 300w, https:\/\/uks-gladiator.pl\/wp-content\/uploads\/2025\/06\/9-150x150.jpg 150w, https:\/\/uks-gladiator.pl\/wp-content\/uploads\/2025\/06\/9-768x768.jpg 768w, https:\/\/uks-gladiator.pl\/wp-content\/uploads\/2025\/06\/9-100x100.jpg 100w, https:\/\/uks-gladiator.pl\/wp-content\/uploads\/2025\/06\/9.jpg 1440w\" sizes=\"auto, (max-width: 767px) 89vw, (max-width: 1000px) 54vw, (max-width: 1071px) 543px, 580px\" \/><\/figure>\n","protected":false},"excerpt":{"rendered":"<p>5 MEDALI na Mistrzostwach Polski Low Kick Junior\u00f3w i M\u0142odzie\u017cowc\u00f3w! 3 dni emocji i mocnych walk! Nasza 8-osobowa ekipa (+trener) wraca z 2 z\u0142otymi i 3 br\u0105zowymi medalami ! Weronika Og\u00f3rza\u0142ek \u2013 kat. -56 kg juniorek m\u0142odszych Kacper Og\u00f3rza\u0142ek \u2013 kat. -75 kg junior\u00f3w m\u0142odszych (Si\u0142\u0105 jeste\u015bmy\u2026 rodzinnie! ) Emanuel Magiera Mateusz Durlak Patryk Pacu\u0142a &hellip; <\/p>\n<p class=\"link-more\"><a href=\"https:\/\/uks-gladiator.pl\/?p=2403\" class=\"more-link\">Continue reading<span class=\"screen-reader-text\"> &#8220;Mistrzostwa Polski lowkick junior\u00f3w!&#8221;<\/span><\/a><\/p>\n","protected":false},"author":1,"featured_media":0,"comment_status":"closed","ping_status":"open","sticky":false,"template":"","format":"standard","meta":{"footnotes":""},"categories":[1],"tags":[],"class_list":["post-2403","post","type-post","status-publish","format-standard","hentry","category-uncategorized"],"_links":{"self":[{"href":"https:\/\/uks-gladiator.pl\/index.php?rest_route=\/wp\/v2\/posts\/2403","targetHints":{"allow":["GET"]}}],"collection":[{"href":"https:\/\/uks-gladiator.pl\/index.php?rest_route=\/wp\/v2\/posts"}],"about":[{"href":"https:\/\/uks-gladiator.pl\/index.php?rest_route=\/wp\/v2\/types\/post"}],"author":[{"embeddable":true,"href":"https:\/\/uks-gladiator.pl\/index.php?rest_route=\/wp\/v2\/users\/1"}],"replies":[{"embeddable":true,"href":"https:\/\/uks-gladiator.pl\/index.php?rest_route=%2Fwp%2Fv2%2Fcomments&post=2403"}],"version-history":[{"count":1,"href":"https:\/\/uks-gladiator.pl\/index.php?rest_route=\/wp\/v2\/posts\/2403\/revisions"}],"predecessor-version":[{"id":2405,"href":"https:\/\/uks-gladiator.pl\/index.php?rest_route=\/wp\/v2\/posts\/2403\/revisions\/2405"}],"wp:attachment":[{"href":"https:\/\/uks-gladiator.pl\/index.php?rest_route=%2Fwp%2Fv2%2Fmedia&parent=2403"}],"wp:term":[{"taxonomy":"category","embeddable":true,"href":"https:\/\/uks-gladiator.pl\/index.php?rest_route=%2Fwp%2Fv2%2Fcategories&post=2403"},{"taxonomy":"post_tag","embeddable":true,"href":"https:\/\/uks-gladiator.pl\/index.php?rest_route=%2Fwp%2Fv2%2Ftags&post=2403"}],"curies":[{"name":"wp","href":"https:\/\/api.w.org\/{rel}","templated":true}]}}