{"id":2415,"date":"2025-06-04T13:26:16","date_gmt":"2025-06-04T13:26:16","guid":{"rendered":"https:\/\/uks-gladiator.pl\/?p=2415"},"modified":"2025-06-04T13:26:16","modified_gmt":"2025-06-04T13:26:16","slug":"gala-boxing-night-pelna-moc-w-nowym-saczu","status":"publish","type":"post","link":"https:\/\/uks-gladiator.pl\/?p=2415","title":{"rendered":"Gala Boxing Night Pe\u0142na Moc w Nowym S\u0105czu !"},"content":{"rendered":"\n<p>W miniony weekend brali\u015bmy udzia\u0142 w dw\u00f3ch galach kickboxingu. O Strike King pisali\u015bmy ju\u017c wcze\u015bniej. Tym czasem w sobot\u0119 Kuba Zieli\u0144ski walczy\u0142 na gali Boxing Night <a><\/a>Pe\u0142na Moc w Nowym S\u0105czu na zasadach K1 proam <img loading=\"lazy\" decoding=\"async\" height=\"16\" width=\"16\" alt=\"\ud83d\udd25\" src=\"https:\/\/static.xx.fbcdn.net\/images\/emoji.php\/v9\/t8e\/3\/16\/1f525.png\"><\/p>\n\n\n\n<p>Walka wzi\u0119ta na zast\u0119pstwo na kilka dni przed gal\u0105 w dodatku z oko\u0142o 7kg ci\u0119\u017cszym przeciwnikiem to nie lada wyzwanie dla trenuj\u0105cego od roku w Krynickiej Sekcji naszego klubu Kuby Zieli\u0144skiego.<\/p>\n\n\n\n<p>Kuba walk\u0119 przegra\u0142, jednak nie o wynik tu chodzi\u0142o a o do\u015bwiadczenie kt\u00f3re z pewno\u015bci\u0105 b\u0119dzie procentowa\u0142o w przysz\u0142o\u015bci!<\/p>\n\n\n\n<p>Brawo Kuba za charakter<img loading=\"lazy\" decoding=\"async\" height=\"16\" width=\"16\" alt=\"\u203c\ufe0f\" src=\"https:\/\/static.xx.fbcdn.net\/images\/emoji.php\/v9\/t79\/3\/16\/203c.png\"> brawo trener Adrian za przygotowanie zawodnika<img loading=\"lazy\" decoding=\"async\" height=\"16\" width=\"16\" alt=\"\u203c\ufe0f\" src=\"https:\/\/static.xx.fbcdn.net\/images\/emoji.php\/v9\/t79\/3\/16\/203c.png\"><\/p>\n\n\n\n<p>Widz\u0105c jaki progres uda\u0142o si\u0119 osi\u0105gn\u0105\u0107 w naszej Krynickiej sekcji przez rok, mo\u017cemy by\u0107 spokojni o przysz\u0142o\u015b\u0107 tej sekcji <img loading=\"lazy\" decoding=\"async\" height=\"16\" width=\"16\" alt=\"\u203c\ufe0f\" src=\"https:\/\/static.xx.fbcdn.net\/images\/emoji.php\/v9\/t79\/3\/16\/203c.png\"><\/p>\n\n\n\n<p>Dzi\u0119kujemy sponsorom!<\/p>\n\n\n\n<p>MAROGOBUD<\/p>\n\n\n\n<p>KOMIS SEKU\u0141A<\/p>\n\n\n\n<p>KODENT<\/p>\n\n\n\n<p>FILIPOWICZ BUDOWNICTWO<\/p>\n\n\n\n<p><a href=\"https:\/\/www.instagram.com\/_u\/andrzejogo?fbclid=IwZXh0bgNhZW0CMTAAYnJpZBEwRmFXcFNBeDBHQWJaejhxdgEe85SuPpj2QFm9RbScBHLklrhExOFOudtJlzHtU1kk-oMwQ0w4fUhPQbnkwFA_aem__fjp2mMTOWJqsTdlIrwXDQ\" rel=\"noreferrer noopener\" target=\"_blank\">@andrzejogo<\/a><\/p>\n\n\n\n<p><a href=\"https:\/\/www.instagram.com\/_u\/g_sekula?fbclid=IwZXh0bgNhZW0CMTAAYnJpZBEwRmFXcFNBeDBHQWJaejhxdgEeGkO5WAB7RHCyTop8-MPHYGGOJKqbFjbthAPrqyV9hNG-xOg1jACtMYF0ysU_aem_wmSIlnVEFwAUg2TNdryD3g\" rel=\"noreferrer noopener\" target=\"_blank\">@g_sekula<\/a><\/p>\n\n\n\n<p>@tadeuszkocowicz<\/p>\n\n\n\n<figure class=\"wp-block-image size-large\"><img loading=\"lazy\" decoding=\"async\" width=\"1024\" height=\"1024\" src=\"https:\/\/uks-gladiator.pl\/wp-content\/uploads\/2025\/06\/14-1024x1024.jpg\" alt=\"\" class=\"wp-image-2416\" srcset=\"https:\/\/uks-gladiator.pl\/wp-content\/uploads\/2025\/06\/14-1024x1024.jpg 1024w, https:\/\/uks-gladiator.pl\/wp-content\/uploads\/2025\/06\/14-300x300.jpg 300w, https:\/\/uks-gladiator.pl\/wp-content\/uploads\/2025\/06\/14-150x150.jpg 150w, https:\/\/uks-gladiator.pl\/wp-content\/uploads\/2025\/06\/14-768x767.jpg 768w, https:\/\/uks-gladiator.pl\/wp-content\/uploads\/2025\/06\/14-100x100.jpg 100w, https:\/\/uks-gladiator.pl\/wp-content\/uploads\/2025\/06\/14.jpg 1440w\" sizes=\"auto, (max-width: 767px) 89vw, (max-width: 1000px) 54vw, (max-width: 1071px) 543px, 580px\" \/><\/figure>\n","protected":false},"excerpt":{"rendered":"<p>W miniony weekend brali\u015bmy udzia\u0142 w dw\u00f3ch galach kickboxingu. O Strike King pisali\u015bmy ju\u017c wcze\u015bniej. Tym czasem w sobot\u0119 Kuba Zieli\u0144ski walczy\u0142 na gali Boxing Night Pe\u0142na Moc w Nowym S\u0105czu na zasadach K1 proam Walka wzi\u0119ta na zast\u0119pstwo na kilka dni przed gal\u0105 w dodatku z oko\u0142o 7kg ci\u0119\u017cszym przeciwnikiem to nie lada wyzwanie &hellip; <\/p>\n<p class=\"link-more\"><a href=\"https:\/\/uks-gladiator.pl\/?p=2415\" class=\"more-link\">Continue reading<span class=\"screen-reader-text\"> &#8220;Gala Boxing Night Pe\u0142na Moc w Nowym S\u0105czu !&#8221;<\/span><\/a><\/p>\n","protected":false},"author":1,"featured_media":0,"comment_status":"closed","ping_status":"open","sticky":false,"template":"","format":"standard","meta":{"footnotes":""},"categories":[1],"tags":[],"class_list":["post-2415","post","type-post","status-publish","format-standard","hentry","category-uncategorized"],"_links":{"self":[{"href":"https:\/\/uks-gladiator.pl\/index.php?rest_route=\/wp\/v2\/posts\/2415","targetHints":{"allow":["GET"]}}],"collection":[{"href":"https:\/\/uks-gladiator.pl\/index.php?rest_route=\/wp\/v2\/posts"}],"about":[{"href":"https:\/\/uks-gladiator.pl\/index.php?rest_route=\/wp\/v2\/types\/post"}],"author":[{"embeddable":true,"href":"https:\/\/uks-gladiator.pl\/index.php?rest_route=\/wp\/v2\/users\/1"}],"replies":[{"embeddable":true,"href":"https:\/\/uks-gladiator.pl\/index.php?rest_route=%2Fwp%2Fv2%2Fcomments&post=2415"}],"version-history":[{"count":1,"href":"https:\/\/uks-gladiator.pl\/index.php?rest_route=\/wp\/v2\/posts\/2415\/revisions"}],"predecessor-version":[{"id":2417,"href":"https:\/\/uks-gladiator.pl\/index.php?rest_route=\/wp\/v2\/posts\/2415\/revisions\/2417"}],"wp:attachment":[{"href":"https:\/\/uks-gladiator.pl\/index.php?rest_route=%2Fwp%2Fv2%2Fmedia&parent=2415"}],"wp:term":[{"taxonomy":"category","embeddable":true,"href":"https:\/\/uks-gladiator.pl\/index.php?rest_route=%2Fwp%2Fv2%2Fcategories&post=2415"},{"taxonomy":"post_tag","embeddable":true,"href":"https:\/\/uks-gladiator.pl\/index.php?rest_route=%2Fwp%2Fv2%2Ftags&post=2415"}],"curies":[{"name":"wp","href":"https:\/\/api.w.org\/{rel}","templated":true}]}}