{"id":2423,"date":"2025-06-01T14:59:29","date_gmt":"2025-06-01T14:59:29","guid":{"rendered":"https:\/\/uks-gladiator.pl\/?p=2423"},"modified":"2025-07-02T15:00:38","modified_gmt":"2025-07-02T15:00:38","slug":"zgrupowanie-kadry-juniorow-k1-lowkick","status":"publish","type":"post","link":"https:\/\/uks-gladiator.pl\/?p=2423","title":{"rendered":"Zgrupowanie kadry junior\u00f3w K1\/lowkick"},"content":{"rendered":"\n<p>Czw\u00f3rka naszych junior\u00f3w bra\u0142a udzia\u0142 w zgrupowaniu kadry narodowej K1\/lowkick w Legionowie<img loading=\"lazy\" decoding=\"async\" height=\"16\" width=\"16\" alt=\"\ud83d\udcaa\" src=\"https:\/\/static.xx.fbcdn.net\/images\/emoji.php\/v9\/taa\/3\/16\/1f4aa.png\"><\/p>\n\n\n\n<p>Pod okiem trener\u00f3w kadrowych odby\u0142y si\u0119 dwie jednostki treningowe <img loading=\"lazy\" decoding=\"async\" height=\"16\" width=\"16\" alt=\"\ud83d\udc4c\" src=\"https:\/\/static.xx.fbcdn.net\/images\/emoji.php\/v9\/tb9\/3\/16\/1f44c.png\"><\/p>\n\n\n\n<p>Za <a><\/a>dwa tygodnie start na Pucharze \u015awiata w Budapeszcie! A potem wy\u0142onienie \u015bcis\u0142ej reprezentacji na Mistrzostwa Europy we W\u0142oszech ! Trzymajcie kciuki <img loading=\"lazy\" decoding=\"async\" height=\"16\" width=\"16\" alt=\"\u203c\ufe0f\" src=\"https:\/\/static.xx.fbcdn.net\/images\/emoji.php\/v9\/t79\/3\/16\/203c.png\"><\/p>\n\n\n\n<p>Wspieraj\u0105 nas:<\/p>\n\n\n\n<p>Marogobud<\/p>\n\n\n\n<p>Komis Seku\u0142a<\/p>\n\n\n\n<p>KODENT<\/p>\n\n\n\n<p>Filipowicz budownictwo<\/p>\n\n\n\n<p>Gmina Grybow<\/p>\n\n\n\n<p>Starostwo Powiatowe w Nowym S\u0105czu<\/p>\n\n\n\n<p><a href=\"https:\/\/l.facebook.com\/l.php?u=https%3A%2F%2Fwww.instagram.com%2F_u%2Fg_sekula%3Ffbclid%3DIwZXh0bgNhZW0CMTAAYnJpZBEwU3NZcm9yU3pMRE42UUNRTQEeZrrgyRiYdmHBo4NeQeskmmtITbAaHymmwmY-9aLZjeyj_VstPsa1zFcQO2g_aem_4PWIcz9WDOU13BNd5_EWKQ&amp;h=AT0hUXLQtv4ogTstDsBWrKq0tS0-e5eN_UAQGtWraTmXFV18S0iKGC3aw3avaqH1dEeRj2xgT_RDl0FkmmczWZgJ5-8dgQBQW_2EYf1J-QfZDveUApujuFZIiOEkzOfu3K0_&amp;__tn__=-UK-R&amp;c[0]=AT1jjsflqK64I-4wZS5tgzRAbRQJYkNm8mhs7dyLn_f5muyLNYB7MOHnYvFedFyo5Lcn4DTyQdeo5t6YiA9hO-zEzcdrGlaZtLnKeNCPkPVx48As_t94Yq3r8-0LkeBgq7T_UArqKOlIRD_xLTNQfA71urIGJechAbm40qPVL9oClxDlfKeBiMwN2-Wl3ppnLuOz23KgjJk-25bxbeLe7fTqMvG-\" rel=\"noreferrer noopener\" target=\"_blank\">@g_sekula<\/a><\/p>\n\n\n\n<p><a href=\"https:\/\/l.facebook.com\/l.php?u=https%3A%2F%2Fwww.instagram.com%2F_u%2Fandrzejogo%3Ffbclid%3DIwZXh0bgNhZW0CMTAAYnJpZBEwU3NZcm9yU3pMRE42UUNRTQEeCtIVit61AHhBMDDvfVfZaQd3nCQ7kAw09ttcjRDZ6FLLOap-7snuMs_3G7M_aem_iUboA2ZJlpVteijYvY3yDg&amp;h=AT2-ya0VAkrx70m8P75mKGlz5biMU3HlPc61U8ZexBKERIiiIgn5dycjOvTvWo0i4oTf4B2pjfUNOeEHJsnSjSU93t5iMl9TmKELT2QAkkjvE4hd8H0nJKhUkipATVtr7h4K&amp;__tn__=-UK-R&amp;c[0]=AT1jjsflqK64I-4wZS5tgzRAbRQJYkNm8mhs7dyLn_f5muyLNYB7MOHnYvFedFyo5Lcn4DTyQdeo5t6YiA9hO-zEzcdrGlaZtLnKeNCPkPVx48As_t94Yq3r8-0LkeBgq7T_UArqKOlIRD_xLTNQfA71urIGJechAbm40qPVL9oClxDlfKeBiMwN2-Wl3ppnLuOz23KgjJk-25bxbeLe7fTqMvG-\" rel=\"noreferrer noopener\" target=\"_blank\">@andrzejogo<\/a><\/p>\n\n\n\n<figure class=\"wp-block-image size-large\"><img loading=\"lazy\" decoding=\"async\" width=\"1024\" height=\"1024\" src=\"https:\/\/uks-gladiator.pl\/wp-content\/uploads\/2025\/07\/1-1024x1024.jpg\" alt=\"\" class=\"wp-image-2424\" srcset=\"https:\/\/uks-gladiator.pl\/wp-content\/uploads\/2025\/07\/1-1024x1024.jpg 1024w, https:\/\/uks-gladiator.pl\/wp-content\/uploads\/2025\/07\/1-300x300.jpg 300w, https:\/\/uks-gladiator.pl\/wp-content\/uploads\/2025\/07\/1-150x150.jpg 150w, https:\/\/uks-gladiator.pl\/wp-content\/uploads\/2025\/07\/1-768x768.jpg 768w, https:\/\/uks-gladiator.pl\/wp-content\/uploads\/2025\/07\/1-100x100.jpg 100w, https:\/\/uks-gladiator.pl\/wp-content\/uploads\/2025\/07\/1.jpg 1440w\" sizes=\"auto, (max-width: 767px) 89vw, (max-width: 1000px) 54vw, (max-width: 1071px) 543px, 580px\" \/><\/figure>\n","protected":false},"excerpt":{"rendered":"<p>Czw\u00f3rka naszych junior\u00f3w bra\u0142a udzia\u0142 w zgrupowaniu kadry narodowej K1\/lowkick w Legionowie Pod okiem trener\u00f3w kadrowych odby\u0142y si\u0119 dwie jednostki treningowe Za dwa tygodnie start na Pucharze \u015awiata w Budapeszcie! A potem wy\u0142onienie \u015bcis\u0142ej reprezentacji na Mistrzostwa Europy we W\u0142oszech ! Trzymajcie kciuki Wspieraj\u0105 nas: Marogobud Komis Seku\u0142a KODENT Filipowicz budownictwo Gmina Grybow Starostwo Powiatowe &hellip; <\/p>\n<p class=\"link-more\"><a href=\"https:\/\/uks-gladiator.pl\/?p=2423\" class=\"more-link\">Continue reading<span class=\"screen-reader-text\"> &#8220;Zgrupowanie kadry junior\u00f3w K1\/lowkick&#8221;<\/span><\/a><\/p>\n","protected":false},"author":1,"featured_media":0,"comment_status":"closed","ping_status":"open","sticky":false,"template":"","format":"standard","meta":{"footnotes":""},"categories":[1],"tags":[],"class_list":["post-2423","post","type-post","status-publish","format-standard","hentry","category-uncategorized"],"_links":{"self":[{"href":"https:\/\/uks-gladiator.pl\/index.php?rest_route=\/wp\/v2\/posts\/2423","targetHints":{"allow":["GET"]}}],"collection":[{"href":"https:\/\/uks-gladiator.pl\/index.php?rest_route=\/wp\/v2\/posts"}],"about":[{"href":"https:\/\/uks-gladiator.pl\/index.php?rest_route=\/wp\/v2\/types\/post"}],"author":[{"embeddable":true,"href":"https:\/\/uks-gladiator.pl\/index.php?rest_route=\/wp\/v2\/users\/1"}],"replies":[{"embeddable":true,"href":"https:\/\/uks-gladiator.pl\/index.php?rest_route=%2Fwp%2Fv2%2Fcomments&post=2423"}],"version-history":[{"count":1,"href":"https:\/\/uks-gladiator.pl\/index.php?rest_route=\/wp\/v2\/posts\/2423\/revisions"}],"predecessor-version":[{"id":2425,"href":"https:\/\/uks-gladiator.pl\/index.php?rest_route=\/wp\/v2\/posts\/2423\/revisions\/2425"}],"wp:attachment":[{"href":"https:\/\/uks-gladiator.pl\/index.php?rest_route=%2Fwp%2Fv2%2Fmedia&parent=2423"}],"wp:term":[{"taxonomy":"category","embeddable":true,"href":"https:\/\/uks-gladiator.pl\/index.php?rest_route=%2Fwp%2Fv2%2Fcategories&post=2423"},{"taxonomy":"post_tag","embeddable":true,"href":"https:\/\/uks-gladiator.pl\/index.php?rest_route=%2Fwp%2Fv2%2Ftags&post=2423"}],"curies":[{"name":"wp","href":"https:\/\/api.w.org\/{rel}","templated":true}]}}