{"id":2426,"date":"2025-06-16T15:01:00","date_gmt":"2025-06-16T15:01:00","guid":{"rendered":"https:\/\/uks-gladiator.pl\/?p=2426"},"modified":"2025-07-02T15:02:25","modified_gmt":"2025-07-02T15:02:25","slug":"puchar-swiata-w-budapeszcie-2","status":"publish","type":"post","link":"https:\/\/uks-gladiator.pl\/?p=2426","title":{"rendered":"Puchar \u015awiata w Budapeszcie"},"content":{"rendered":"\n<p><img loading=\"lazy\" decoding=\"async\" height=\"16\" width=\"16\" alt=\"\ud83c\udfaf\" src=\"https:\/\/static.xx.fbcdn.net\/images\/emoji.php\/v9\/tee\/3\/16\/1f3af.png\"> PUCHAR \u015aWIATA ZDOBYTY! <img loading=\"lazy\" decoding=\"async\" height=\"16\" width=\"16\" alt=\"\ud83d\udd25\" src=\"https:\/\/static.xx.fbcdn.net\/images\/emoji.php\/v9\/t8e\/3\/16\/1f525.png\"><\/p>\n\n\n\n<p>Dzi\u015b ko\u0144czy si\u0119 jedna z najwi\u0119kszych imprez kickboxingu na \u015bwiecie \u2013 Puchar \u015awiata, w kt\u00f3rym wzi\u0119\u0142o udzia\u0142 4000 zawodnik\u00f3w z ca\u0142ego globu <img loading=\"lazy\" decoding=\"async\" height=\"16\" width=\"16\" alt=\"\ud83c\udf0d\" src=\"https:\/\/static.xx.fbcdn.net\/images\/emoji.php\/v9\/t7d\/3\/16\/1f30d.png\"> \u2013 o<a><\/a>d Ameryki P\u00f3\u0142nocnej, przez Azj\u0119, a\u017c po Europ\u0119. I my tam byli\u015bmy! <img loading=\"lazy\" decoding=\"async\" height=\"16\" width=\"16\" alt=\"\ud83e\udd4a\" src=\"https:\/\/static.xx.fbcdn.net\/images\/emoji.php\/v9\/tfc\/3\/16\/1f94a.png\"><\/p>\n\n\n\n<p><img loading=\"lazy\" decoding=\"async\" height=\"16\" width=\"16\" alt=\"\ud83d\udc4a\" src=\"https:\/\/static.xx.fbcdn.net\/images\/emoji.php\/v9\/tb7\/3\/16\/1f44a.png\"> Do rywalizacji wystawili\u015bmy 9 os\u00f3b (w tym trenera), a wracamy z jednym Pucharami \u015awiata, srebrem i dwoma br\u0105zami! <img loading=\"lazy\" decoding=\"async\" height=\"16\" width=\"16\" alt=\"\ud83c\uddf5\ud83c\uddf1\" src=\"https:\/\/static.xx.fbcdn.net\/images\/emoji.php\/v9\/t9e\/3\/16\/1f1f5_1f1f1.png\"><\/p>\n\n\n\n<p><img loading=\"lazy\" decoding=\"async\" height=\"16\" width=\"16\" alt=\"\ud83e\udd47\" src=\"https:\/\/static.xx.fbcdn.net\/images\/emoji.php\/v9\/td2\/3\/16\/1f947.png\"> Kacper Ogorza\u0142ek \u2013 zdobywca Pucharu \u015awiata! Trzy walki \u2013 trzy pokazowe demolki. Pokonani przeciwnicy z Australii, Chorwacji i W\u0119gier. Kacper w tym roku nie przegra\u0142 ani jednej walki w ringu na krajowym podw\u00f3rku, a teraz z tak\u0105 form\u0105 idzie po Mistrzostwo Europy we wrze\u015bniu we W\u0142oszech. <img loading=\"lazy\" decoding=\"async\" height=\"16\" width=\"16\" alt=\"\ud83d\ude80\" src=\"https:\/\/static.xx.fbcdn.net\/images\/emoji.php\/v9\/t4\/3\/16\/1f680.png\"><\/p>\n\n\n\n<p><img loading=\"lazy\" decoding=\"async\" height=\"16\" width=\"16\" alt=\"\ud83e\udd48\" src=\"https:\/\/static.xx.fbcdn.net\/images\/emoji.php\/v9\/t53\/3\/16\/1f948.png\">Weronika Ogorza\u0142ek \u2013 druga rakieta! Trzy walki \u2013 dwa zwyci\u0119stwa. Pokona\u0142a zawodniczki z W\u0119gier, Czarnog\u00f3ry a uleg\u0142a bardzo mocnej Serbce.<\/p>\n\n\n\n<p><img loading=\"lazy\" decoding=\"async\" height=\"16\" width=\"16\" alt=\"\ud83e\udd49\" src=\"https:\/\/static.xx.fbcdn.net\/images\/emoji.php\/v9\/td4\/3\/16\/1f949.png\"> Mateusz Durlak \u2013 walczy\u0142 jak lew, ale zatrzyma\u0142 go bardzo mocny Ukrainiec.<\/p>\n\n\n\n<p><img loading=\"lazy\" decoding=\"async\" height=\"16\" width=\"16\" alt=\"\ud83e\udd49\" src=\"https:\/\/static.xx.fbcdn.net\/images\/emoji.php\/v9\/td4\/3\/16\/1f949.png\"> Patryk Pacu\u0142a \u2013 zrobi\u0142 jedn\u0105 z najlepszych walk w swojej karierze \u2013 zabrak\u0142o niewiele! Przegrana w ostatniej sekundzie walki<\/p>\n\n\n\n<p><img loading=\"lazy\" decoding=\"async\" height=\"16\" width=\"16\" alt=\"\ud83d\udc4f\" src=\"https:\/\/static.xx.fbcdn.net\/images\/emoji.php\/v9\/t3c\/3\/16\/1f44f.png\"> Przemek Pawlak, Emanuel Magiera, Kuba Mikulski \u2013 walczyli z topowymi zawodnikami ze \u015awiata. Dali z siebie wszystko \u2013 tym razem bez medalu, ale z ogromnym do\u015bwiadczeniem.<\/p>\n\n\n\n<p><img loading=\"lazy\" decoding=\"async\" height=\"16\" width=\"16\" alt=\"\ud83d\ude91\" src=\"https:\/\/static.xx.fbcdn.net\/images\/emoji.php\/v9\/t24\/3\/16\/1f691.png\"> Adrian Migacz nie wystartowa\u0142 z powodu kontuzji \u2013 wr\u00f3ci silniejszy.<\/p>\n\n\n\n<p><img loading=\"lazy\" decoding=\"async\" height=\"16\" width=\"16\" alt=\"\ud83d\udd1d\" src=\"https:\/\/static.xx.fbcdn.net\/images\/emoji.php\/v9\/t9e\/3\/16\/1f51d.png\"> Sam udzia\u0142 w tej imprezie to ju\u017c sukces \u2013 bo m\u00f3wimy o czo\u0142\u00f3wce \u015bwiatowego kickboxingu. Ka\u017cdy medal st\u0105d to nie przypadek, tylko pot i krew wylane na sali. A ka\u017cda przegrana to nauka na przysz\u0142o\u015b\u0107.<\/p>\n\n\n\n<p><img loading=\"lazy\" decoding=\"async\" height=\"16\" width=\"16\" alt=\"\u2764\ufe0f\" src=\"https:\/\/static.xx.fbcdn.net\/images\/emoji.php\/v9\/t6e\/3\/16\/2764.png\"> Wielkie podzi\u0119kowania dla naszych sponsor\u00f3w \u2013 bez Was nie by\u0142oby nas na tych zawodach:<\/p>\n\n\n\n<p><img loading=\"lazy\" decoding=\"async\" height=\"16\" width=\"16\" alt=\"\u2b50\" src=\"https:\/\/static.xx.fbcdn.net\/images\/emoji.php\/v9\/tb6\/3\/16\/2b50.png\"> Starostwo Powiatowe w Nowym S\u0105czu \u2013 dzi\u0119kujemy za dofinansowanie w ramach programu Sportowe S\u0105deckie ! Szczeg\u00f3lne podzi\u0119kowania dla Starosty Tadeusza Zaremby i Wicestarosty Antoniego Koszyka.<\/p>\n\n\n\n<p><img loading=\"lazy\" decoding=\"async\" height=\"16\" width=\"16\" alt=\"\ud83c\udfd7\ufe0f\" src=\"https:\/\/static.xx.fbcdn.net\/images\/emoji.php\/v9\/t1c\/3\/16\/1f3d7.png\"> Dzi\u0119kujemy firmom Marogobud, Kodent, Komis Seku\u0142a, Filipowicz Budownictwo \u2013 jeste\u015bcie cz\u0119\u015bci\u0105 naszych sukces\u00f3w!<\/p>\n\n\n\n<p>Wracamy zmotywowani i g\u0142odni kolejnych wyzwa\u0144. A ju\u017c za chwil\u0119 zaczynamy przygotowania do Mistrzostw Europy! <img loading=\"lazy\" decoding=\"async\" height=\"16\" width=\"16\" alt=\"\ud83d\udca5\" src=\"https:\/\/static.xx.fbcdn.net\/images\/emoji.php\/v9\/t7e\/3\/16\/1f4a5.png\"><\/p>\n\n\n\n<p>Polski kickboxing ma si\u0119 dobrze. A my dopiero si\u0119 rozkr\u0119camy.<\/p>\n\n\n\n<figure class=\"wp-block-image size-large\"><img loading=\"lazy\" decoding=\"async\" width=\"1024\" height=\"1024\" src=\"https:\/\/uks-gladiator.pl\/wp-content\/uploads\/2025\/07\/2-1024x1024.jpg\" alt=\"\" class=\"wp-image-2427\" srcset=\"https:\/\/uks-gladiator.pl\/wp-content\/uploads\/2025\/07\/2-1024x1024.jpg 1024w, https:\/\/uks-gladiator.pl\/wp-content\/uploads\/2025\/07\/2-300x300.jpg 300w, https:\/\/uks-gladiator.pl\/wp-content\/uploads\/2025\/07\/2-150x150.jpg 150w, https:\/\/uks-gladiator.pl\/wp-content\/uploads\/2025\/07\/2-768x769.jpg 768w, https:\/\/uks-gladiator.pl\/wp-content\/uploads\/2025\/07\/2-100x100.jpg 100w, https:\/\/uks-gladiator.pl\/wp-content\/uploads\/2025\/07\/2.jpg 1440w\" sizes=\"auto, (max-width: 767px) 89vw, (max-width: 1000px) 54vw, (max-width: 1071px) 543px, 580px\" \/><\/figure>\n","protected":false},"excerpt":{"rendered":"<p>PUCHAR \u015aWIATA ZDOBYTY! Dzi\u015b ko\u0144czy si\u0119 jedna z najwi\u0119kszych imprez kickboxingu na \u015bwiecie \u2013 Puchar \u015awiata, w kt\u00f3rym wzi\u0119\u0142o udzia\u0142 4000 zawodnik\u00f3w z ca\u0142ego globu \u2013 od Ameryki P\u00f3\u0142nocnej, przez Azj\u0119, a\u017c po Europ\u0119. I my tam byli\u015bmy! Do rywalizacji wystawili\u015bmy 9 os\u00f3b (w tym trenera), a wracamy z jednym Pucharami \u015awiata, srebrem i dwoma &hellip; <\/p>\n<p class=\"link-more\"><a href=\"https:\/\/uks-gladiator.pl\/?p=2426\" class=\"more-link\">Continue reading<span class=\"screen-reader-text\"> &#8220;Puchar \u015awiata w Budapeszcie&#8221;<\/span><\/a><\/p>\n","protected":false},"author":1,"featured_media":0,"comment_status":"closed","ping_status":"open","sticky":false,"template":"","format":"standard","meta":{"footnotes":""},"categories":[1],"tags":[],"class_list":["post-2426","post","type-post","status-publish","format-standard","hentry","category-uncategorized"],"_links":{"self":[{"href":"https:\/\/uks-gladiator.pl\/index.php?rest_route=\/wp\/v2\/posts\/2426","targetHints":{"allow":["GET"]}}],"collection":[{"href":"https:\/\/uks-gladiator.pl\/index.php?rest_route=\/wp\/v2\/posts"}],"about":[{"href":"https:\/\/uks-gladiator.pl\/index.php?rest_route=\/wp\/v2\/types\/post"}],"author":[{"embeddable":true,"href":"https:\/\/uks-gladiator.pl\/index.php?rest_route=\/wp\/v2\/users\/1"}],"replies":[{"embeddable":true,"href":"https:\/\/uks-gladiator.pl\/index.php?rest_route=%2Fwp%2Fv2%2Fcomments&post=2426"}],"version-history":[{"count":1,"href":"https:\/\/uks-gladiator.pl\/index.php?rest_route=\/wp\/v2\/posts\/2426\/revisions"}],"predecessor-version":[{"id":2428,"href":"https:\/\/uks-gladiator.pl\/index.php?rest_route=\/wp\/v2\/posts\/2426\/revisions\/2428"}],"wp:attachment":[{"href":"https:\/\/uks-gladiator.pl\/index.php?rest_route=%2Fwp%2Fv2%2Fmedia&parent=2426"}],"wp:term":[{"taxonomy":"category","embeddable":true,"href":"https:\/\/uks-gladiator.pl\/index.php?rest_route=%2Fwp%2Fv2%2Fcategories&post=2426"},{"taxonomy":"post_tag","embeddable":true,"href":"https:\/\/uks-gladiator.pl\/index.php?rest_route=%2Fwp%2Fv2%2Ftags&post=2426"}],"curies":[{"name":"wp","href":"https:\/\/api.w.org\/{rel}","templated":true}]}}