{"id":2560,"date":"2026-01-17T09:06:19","date_gmt":"2026-01-17T09:06:19","guid":{"rendered":"https:\/\/uks-gladiator.pl\/?p=2560"},"modified":"2026-04-22T09:06:45","modified_gmt":"2026-04-22T09:06:45","slug":"zgrupowanie-kadry-k1-juniorow","status":"publish","type":"post","link":"https:\/\/uks-gladiator.pl\/?p=2560","title":{"rendered":"Zgrupowanie kadry K1 junior\u00f3w"},"content":{"rendered":"\n<p>Emanuel Magiera i Patryk Pacu\u0142a szlifowali dzi\u015b swoj\u0105 form\u0119 na zgrupowaniu Kadry Polski K1 w Legionowie!<\/p>\n\n\n\n<p>Dwie mocne jednostki techniczno sparingowe z najlepszymi w kraju <img loading=\"lazy\" decoding=\"async\" height=\"16\" width=\"16\" alt=\"\ud83d\udcaa\" src=\"https:\/\/static.xx.fbcdn.net\/images\/emoji.php\/v9\/taa\/3\/16\/1f4aa.png\"> tego nam by\u0142o trzeba <img loading=\"lazy\" decoding=\"async\" height=\"16\" width=\"16\" alt=\"\ud83d\udd25\" src=\"https:\/\/static.xx.fbcdn.net\/images\/emoji.php\/v9\/t8e\/3\/16\/1f525.png\"><\/p>\n\n\n\n<p>Na zdj\u0119ciu z trenerami kadry Tomaszem Szczepaniukiem oraz Piotrem Nasulewiczem.<\/p>\n\n\n\n<p>MAROGOBUD<\/p>\n\n\n\n<p>KOMIS SEKU\u0141A<\/p>\n\n\n\n<p>FILIPOWICZ BUDOWNICTWO<\/p>\n\n\n\n<p>@g_sekula<\/p>\n\n\n\n<p>@prorowery_nowysacz<\/p>\n\n\n\n<p>@andrzejogo<\/p>\n\n\n\n<figure class=\"wp-block-gallery has-nested-images columns-default is-cropped wp-block-gallery-1 is-layout-flex wp-block-gallery-is-layout-flex\">\n<figure class=\"wp-block-image size-large\"><img loading=\"lazy\" decoding=\"async\" width=\"867\" height=\"867\" data-id=\"2561\" src=\"https:\/\/uks-gladiator.pl\/wp-content\/uploads\/2026\/04\/617675590_18323042038217363_6731284319186869865_n.jpg\" alt=\"\" class=\"wp-image-2561\" srcset=\"https:\/\/uks-gladiator.pl\/wp-content\/uploads\/2026\/04\/617675590_18323042038217363_6731284319186869865_n.jpg 867w, https:\/\/uks-gladiator.pl\/wp-content\/uploads\/2026\/04\/617675590_18323042038217363_6731284319186869865_n-300x300.jpg 300w, https:\/\/uks-gladiator.pl\/wp-content\/uploads\/2026\/04\/617675590_18323042038217363_6731284319186869865_n-150x150.jpg 150w, https:\/\/uks-gladiator.pl\/wp-content\/uploads\/2026\/04\/617675590_18323042038217363_6731284319186869865_n-768x768.jpg 768w, https:\/\/uks-gladiator.pl\/wp-content\/uploads\/2026\/04\/617675590_18323042038217363_6731284319186869865_n-100x100.jpg 100w\" sizes=\"auto, (max-width: 767px) 89vw, (max-width: 1000px) 54vw, (max-width: 1071px) 543px, 580px\" \/><\/figure>\n<\/figure>\n","protected":false},"excerpt":{"rendered":"<p>Emanuel Magiera i Patryk Pacu\u0142a szlifowali dzi\u015b swoj\u0105 form\u0119 na zgrupowaniu Kadry Polski K1 w Legionowie! Dwie mocne jednostki techniczno sparingowe z najlepszymi w kraju tego nam by\u0142o trzeba Na zdj\u0119ciu z trenerami kadry Tomaszem Szczepaniukiem oraz Piotrem Nasulewiczem. MAROGOBUD KOMIS SEKU\u0141A FILIPOWICZ BUDOWNICTWO @g_sekula @prorowery_nowysacz @andrzejogo<\/p>\n","protected":false},"author":1,"featured_media":0,"comment_status":"closed","ping_status":"open","sticky":false,"template":"","format":"standard","meta":{"footnotes":""},"categories":[1],"tags":[],"class_list":["post-2560","post","type-post","status-publish","format-standard","hentry","category-uncategorized"],"_links":{"self":[{"href":"https:\/\/uks-gladiator.pl\/index.php?rest_route=\/wp\/v2\/posts\/2560","targetHints":{"allow":["GET"]}}],"collection":[{"href":"https:\/\/uks-gladiator.pl\/index.php?rest_route=\/wp\/v2\/posts"}],"about":[{"href":"https:\/\/uks-gladiator.pl\/index.php?rest_route=\/wp\/v2\/types\/post"}],"author":[{"embeddable":true,"href":"https:\/\/uks-gladiator.pl\/index.php?rest_route=\/wp\/v2\/users\/1"}],"replies":[{"embeddable":true,"href":"https:\/\/uks-gladiator.pl\/index.php?rest_route=%2Fwp%2Fv2%2Fcomments&post=2560"}],"version-history":[{"count":1,"href":"https:\/\/uks-gladiator.pl\/index.php?rest_route=\/wp\/v2\/posts\/2560\/revisions"}],"predecessor-version":[{"id":2562,"href":"https:\/\/uks-gladiator.pl\/index.php?rest_route=\/wp\/v2\/posts\/2560\/revisions\/2562"}],"wp:attachment":[{"href":"https:\/\/uks-gladiator.pl\/index.php?rest_route=%2Fwp%2Fv2%2Fmedia&parent=2560"}],"wp:term":[{"taxonomy":"category","embeddable":true,"href":"https:\/\/uks-gladiator.pl\/index.php?rest_route=%2Fwp%2Fv2%2Fcategories&post=2560"},{"taxonomy":"post_tag","embeddable":true,"href":"https:\/\/uks-gladiator.pl\/index.php?rest_route=%2Fwp%2Fv2%2Ftags&post=2560"}],"curies":[{"name":"wp","href":"https:\/\/api.w.org\/{rel}","templated":true}]}}