{"id":2572,"date":"2026-01-29T09:09:35","date_gmt":"2026-01-29T09:09:35","guid":{"rendered":"https:\/\/uks-gladiator.pl\/?p=2572"},"modified":"2026-04-22T09:10:02","modified_gmt":"2026-04-22T09:10:02","slug":"nagrody-starosty-gorlickiego","status":"publish","type":"post","link":"https:\/\/uks-gladiator.pl\/?p=2572","title":{"rendered":"Nagrody Starosty Gorlickiego !"},"content":{"rendered":"\n<p>Emanuel Magiera i Patryk Pacu\u0142a otrzymali dzisiaj z r\u0105k Starosty Gorlickiego stypendia sportowe za wysokie wyniki sportowe na arenie krajowej i mi\u0119dzynarodowej <img loading=\"lazy\" decoding=\"async\" height=\"16\" width=\"16\" alt=\"\ud83d\udd25\" src=\"https:\/\/static.xx.fbcdn.net\/images\/emoji.php\/v9\/t8e\/3\/16\/1f525.png\"><\/p>\n\n\n\n<p>Gratulujemy zawodnikom i dzi\u0119kujemy Staro\u015bcie za docenienie naszych wojownik\u00f3w. Ch\u0142opaki wk\u0142adaj\u0105 w ten sport mn\u00f3stwo czasu, energii i przede wszystkim serca, co wi\u0105\u017ce si\u0119 z wieloma wyrzeczeniami. Z pewno\u015bci\u0105 jest to dobry motor nap\u0119dowy i pomoc w dalszym rozwoju kariery sportowej <img loading=\"lazy\" decoding=\"async\" height=\"16\" width=\"16\" alt=\"\ud83d\udcaa\" src=\"https:\/\/static.xx.fbcdn.net\/images\/emoji.php\/v9\/taa\/3\/16\/1f4aa.png\"><\/p>\n\n\n\n<p>Dzi\u0119kujemy <img loading=\"lazy\" decoding=\"async\" height=\"16\" width=\"16\" alt=\"\u203c\ufe0f\" src=\"https:\/\/static.xx.fbcdn.net\/images\/emoji.php\/v9\/t79\/3\/16\/203c.png\"><img loading=\"lazy\" decoding=\"async\" height=\"16\" width=\"16\" alt=\"\ud83d\udd25\" src=\"https:\/\/static.xx.fbcdn.net\/images\/emoji.php\/v9\/t8e\/3\/16\/1f525.png\"><\/p>\n\n\n\n<figure class=\"wp-block-gallery has-nested-images columns-default is-cropped wp-block-gallery-1 is-layout-flex wp-block-gallery-is-layout-flex\">\n<figure class=\"wp-block-image size-large\"><img loading=\"lazy\" decoding=\"async\" width=\"1024\" height=\"1024\" data-id=\"2573\" src=\"https:\/\/uks-gladiator.pl\/wp-content\/uploads\/2026\/04\/624909627_18324644686217363_8971619392619491103_n-1024x1024.jpg\" alt=\"\" class=\"wp-image-2573\" srcset=\"https:\/\/uks-gladiator.pl\/wp-content\/uploads\/2026\/04\/624909627_18324644686217363_8971619392619491103_n-1024x1024.jpg 1024w, https:\/\/uks-gladiator.pl\/wp-content\/uploads\/2026\/04\/624909627_18324644686217363_8971619392619491103_n-300x300.jpg 300w, https:\/\/uks-gladiator.pl\/wp-content\/uploads\/2026\/04\/624909627_18324644686217363_8971619392619491103_n-150x150.jpg 150w, https:\/\/uks-gladiator.pl\/wp-content\/uploads\/2026\/04\/624909627_18324644686217363_8971619392619491103_n-768x768.jpg 768w, https:\/\/uks-gladiator.pl\/wp-content\/uploads\/2026\/04\/624909627_18324644686217363_8971619392619491103_n-100x100.jpg 100w, https:\/\/uks-gladiator.pl\/wp-content\/uploads\/2026\/04\/624909627_18324644686217363_8971619392619491103_n.jpg 1440w\" sizes=\"auto, (max-width: 767px) 89vw, (max-width: 1000px) 54vw, (max-width: 1071px) 543px, 580px\" \/><\/figure>\n<\/figure>\n","protected":false},"excerpt":{"rendered":"<p>Emanuel Magiera i Patryk Pacu\u0142a otrzymali dzisiaj z r\u0105k Starosty Gorlickiego stypendia sportowe za wysokie wyniki sportowe na arenie krajowej i mi\u0119dzynarodowej Gratulujemy zawodnikom i dzi\u0119kujemy Staro\u015bcie za docenienie naszych wojownik\u00f3w. Ch\u0142opaki wk\u0142adaj\u0105 w ten sport mn\u00f3stwo czasu, energii i przede wszystkim serca, co wi\u0105\u017ce si\u0119 z wieloma wyrzeczeniami. Z pewno\u015bci\u0105 jest to dobry motor &hellip; <\/p>\n<p class=\"link-more\"><a href=\"https:\/\/uks-gladiator.pl\/?p=2572\" class=\"more-link\">Continue reading<span class=\"screen-reader-text\"> &#8220;Nagrody Starosty Gorlickiego !&#8221;<\/span><\/a><\/p>\n","protected":false},"author":1,"featured_media":0,"comment_status":"closed","ping_status":"open","sticky":false,"template":"","format":"standard","meta":{"footnotes":""},"categories":[1],"tags":[],"class_list":["post-2572","post","type-post","status-publish","format-standard","hentry","category-uncategorized"],"_links":{"self":[{"href":"https:\/\/uks-gladiator.pl\/index.php?rest_route=\/wp\/v2\/posts\/2572","targetHints":{"allow":["GET"]}}],"collection":[{"href":"https:\/\/uks-gladiator.pl\/index.php?rest_route=\/wp\/v2\/posts"}],"about":[{"href":"https:\/\/uks-gladiator.pl\/index.php?rest_route=\/wp\/v2\/types\/post"}],"author":[{"embeddable":true,"href":"https:\/\/uks-gladiator.pl\/index.php?rest_route=\/wp\/v2\/users\/1"}],"replies":[{"embeddable":true,"href":"https:\/\/uks-gladiator.pl\/index.php?rest_route=%2Fwp%2Fv2%2Fcomments&post=2572"}],"version-history":[{"count":1,"href":"https:\/\/uks-gladiator.pl\/index.php?rest_route=\/wp\/v2\/posts\/2572\/revisions"}],"predecessor-version":[{"id":2574,"href":"https:\/\/uks-gladiator.pl\/index.php?rest_route=\/wp\/v2\/posts\/2572\/revisions\/2574"}],"wp:attachment":[{"href":"https:\/\/uks-gladiator.pl\/index.php?rest_route=%2Fwp%2Fv2%2Fmedia&parent=2572"}],"wp:term":[{"taxonomy":"category","embeddable":true,"href":"https:\/\/uks-gladiator.pl\/index.php?rest_route=%2Fwp%2Fv2%2Fcategories&post=2572"},{"taxonomy":"post_tag","embeddable":true,"href":"https:\/\/uks-gladiator.pl\/index.php?rest_route=%2Fwp%2Fv2%2Ftags&post=2572"}],"curies":[{"name":"wp","href":"https:\/\/api.w.org\/{rel}","templated":true}]}}