{"id":318,"date":"2016-10-22T17:53:43","date_gmt":"2016-10-22T17:53:43","guid":{"rendered":""},"modified":"-0001-11-30T00:00:00","modified_gmt":"-0001-11-30T00:00:00","slug":"25 ","status":"publish","type":"post","link":"https:\/\/uks-gladiator.pl\/?p=318","title":{"rendered":"Mi\u0119dzynarodowe Grand Prix Ma\u0142opolski w boksie, \u0141\u0105cko"},"content":{"rendered":"<p>Z dniem dzisiejszym zacz\u0119li\u015bmy rywalizacje w boksie ! od dzisiaj pr\u00f3cz start\u00f3w w kickboxingu b\u0119dziemy stara\u0107 si\u0119 regularnie pr\u00f3bowa\u0107 swoich si\u0142 w boksie. Zako\u0144czy\u0142o si\u0119 w\u0142a\u015bnie Mi\u0119dzynarodowe Grand Prix ma\u0142opolski w boksie w kt\u00f3rym uczestniczy\u0142 nasz zawodnik Konrad Blicharz. &#8220;Cycu&#8221; stoczy\u0142 sw\u00f3j pierwszy pojedynek w \u017cyciu pokonuj\u0105c na punkty bardziej do\u015bwiadczonego zawodnika z klubu Global Boxing Tarn\u00f3w !! Walka odby\u0142a si\u0119 w kategorii super ci\u0119\u017ckiej junior\u00f3w, pojedynek bardzo wyr\u00f3wnany jednak tym razem nasz &#8220;Cycu&#8221; okaza\u0142 si\u0119 g\u00f3r\u0105 ! Jeste\u015bmy dumni ! oby tak dalej \ud83d\ude09<br \/>\nDzi\u0119kujemy naszym sponsorom !<br \/>\n-Elektro-Partner A.S<br \/>\n&#8211; Florex<br \/>\n&#8211; Admax<br \/>\n&#8211; Gmina Gryb\u00f3w<br \/>\n&#8211; Miasto Gryb\u00f3w<\/p>\n","protected":false},"excerpt":{"rendered":"<p>Z dniem dzisiejszym zacz\u0119li\u015bmy rywalizacje w boksie ! od dzisiaj pr\u00f3cz start\u00f3w w kickboxingu b\u0119dziemy stara\u0107 si\u0119 regularnie pr\u00f3bowa\u0107 swoich si\u0142 w boksie. Zako\u0144czy\u0142o si\u0119 w\u0142a\u015bnie Mi\u0119dzynarodowe Grand Prix ma\u0142opolski w boksie w kt\u00f3rym uczestniczy\u0142 nasz zawodnik Konrad Blicharz. &#8220;Cycu&#8221; stoczy\u0142 sw\u00f3j pierwszy pojedynek w \u017cyciu pokonuj\u0105c na punkty bardziej do\u015bwiadczonego zawodnika z klubu Global &hellip; <\/p>\n<p class=\"link-more\"><a href=\"https:\/\/uks-gladiator.pl\/?p=318\" class=\"more-link\">Continue reading<span class=\"screen-reader-text\"> &#8220;Mi\u0119dzynarodowe Grand Prix Ma\u0142opolski w boksie, \u0141\u0105cko&#8221;<\/span><\/a><\/p>\n","protected":false},"author":1,"featured_media":0,"comment_status":"open","ping_status":"open","sticky":false,"template":"","format":"standard","meta":{"footnotes":""},"categories":[],"tags":[],"class_list":["post-318","post","type-post","status-publish","format-standard","hentry"],"_links":{"self":[{"href":"https:\/\/uks-gladiator.pl\/index.php?rest_route=\/wp\/v2\/posts\/318","targetHints":{"allow":["GET"]}}],"collection":[{"href":"https:\/\/uks-gladiator.pl\/index.php?rest_route=\/wp\/v2\/posts"}],"about":[{"href":"https:\/\/uks-gladiator.pl\/index.php?rest_route=\/wp\/v2\/types\/post"}],"author":[{"embeddable":true,"href":"https:\/\/uks-gladiator.pl\/index.php?rest_route=\/wp\/v2\/users\/1"}],"replies":[{"embeddable":true,"href":"https:\/\/uks-gladiator.pl\/index.php?rest_route=%2Fwp%2Fv2%2Fcomments&post=318"}],"version-history":[{"count":0,"href":"https:\/\/uks-gladiator.pl\/index.php?rest_route=\/wp\/v2\/posts\/318\/revisions"}],"wp:attachment":[{"href":"https:\/\/uks-gladiator.pl\/index.php?rest_route=%2Fwp%2Fv2%2Fmedia&parent=318"}],"wp:term":[{"taxonomy":"category","embeddable":true,"href":"https:\/\/uks-gladiator.pl\/index.php?rest_route=%2Fwp%2Fv2%2Fcategories&post=318"},{"taxonomy":"post_tag","embeddable":true,"href":"https:\/\/uks-gladiator.pl\/index.php?rest_route=%2Fwp%2Fv2%2Ftags&post=318"}],"curies":[{"name":"wp","href":"https:\/\/api.w.org\/{rel}","templated":true}]}}