{"id":345,"date":"2015-09-12T22:56:08","date_gmt":"2015-09-12T22:56:08","guid":{"rendered":""},"modified":"-0001-11-30T00:00:00","modified_gmt":"-0001-11-30T00:00:00","slug":"53 ","status":"publish","type":"post","link":"https:\/\/uks-gladiator.pl\/?p=345","title":{"rendered":"Puchar Prezydenta Nowego S\u0105cza"},"content":{"rendered":"<p>W minion\u0105 sobot\u0119 nasi najm\u0142odsi Gladiatorzy po raz kolejny mieli okazj\u0119 wypr\u00f3bowania swoich si\u0142 w rywalizacji na macie. Tym razem w Nowym S\u0105czu podczas pucharu prezydenta Nowego S\u0105cza. Na zawody stawi\u0142o si\u0119 7 klub\u00f3w a nasze barwy reprezentowa\u0142o siedmioro m\u0142odych zawodnik\u00f3w. Na szczeg\u00f3ln\u0105 uwag\u0119 zas\u0142uguje postawa Kacpra Kroka kt\u00f3ry w \u015bwietnym stylu zwyci\u0119\u017cy\u0142 dwie walki zdobywaj\u0105c okaza\u0142y puchar. Swoj\u0105 kategori\u0119 wygra\u0142 r\u00f3wnie\u017c Kacper Niepsuj dla kt\u00f3rego by\u0142y to pierwsze zawody w \u017cyciu. Natomiast szczeg\u00f3lnie cieszy nas wyst\u0119p Oliwii Myjkowskiej kt\u00f3ra w swojej kategorii wagowej nie doczeka\u0142a si\u0119 przeciwniczki i zgodzi\u0142a si\u0119 walczy\u0107 w zamian z du\u017co ci\u0119\u017csz\u0105 i starsz\u0105 zawodnicz\u0105 z Nowego S\u0105cza. Oliwka walk\u0119 przegra\u0142a jednak serca i zawzi\u0119to\u015bci jej nie brakowa\u0142o ! \ud83d\ude09 Reszta ekipy w sk\u0142adzie: Adam Rzemi\u0144ski, Hubert Myjkowski, Adrian P\u0119kala, Krystian P\u0119kala przegrali swoje pierwsze walki. Jednak nie to jest najwa\u017cniejsze, najwa\u017cniejsze jest to \u017ce z walki na walk\u0119 wszyscy prezentuj\u0105 coraz lepsz\u0105 form\u0119&#8230; to znaczy \u017ce te litry potu wylanego na treningach nie id\u0105 na marne. <\/p>\n","protected":false},"excerpt":{"rendered":"<p>W minion\u0105 sobot\u0119 nasi najm\u0142odsi Gladiatorzy po raz kolejny mieli okazj\u0119 wypr\u00f3bowania swoich si\u0142 w rywalizacji na macie. Tym razem w Nowym S\u0105czu podczas pucharu prezydenta Nowego S\u0105cza. Na zawody stawi\u0142o si\u0119 7 klub\u00f3w a nasze barwy reprezentowa\u0142o siedmioro m\u0142odych zawodnik\u00f3w. Na szczeg\u00f3ln\u0105 uwag\u0119 zas\u0142uguje postawa Kacpra Kroka kt\u00f3ry w \u015bwietnym stylu zwyci\u0119\u017cy\u0142 dwie walki &hellip; <\/p>\n<p class=\"link-more\"><a href=\"https:\/\/uks-gladiator.pl\/?p=345\" class=\"more-link\">Continue reading<span class=\"screen-reader-text\"> &#8220;Puchar Prezydenta Nowego S\u0105cza&#8221;<\/span><\/a><\/p>\n","protected":false},"author":1,"featured_media":0,"comment_status":"open","ping_status":"open","sticky":false,"template":"","format":"standard","meta":{"footnotes":""},"categories":[],"tags":[],"class_list":["post-345","post","type-post","status-publish","format-standard","hentry"],"_links":{"self":[{"href":"https:\/\/uks-gladiator.pl\/index.php?rest_route=\/wp\/v2\/posts\/345","targetHints":{"allow":["GET"]}}],"collection":[{"href":"https:\/\/uks-gladiator.pl\/index.php?rest_route=\/wp\/v2\/posts"}],"about":[{"href":"https:\/\/uks-gladiator.pl\/index.php?rest_route=\/wp\/v2\/types\/post"}],"author":[{"embeddable":true,"href":"https:\/\/uks-gladiator.pl\/index.php?rest_route=\/wp\/v2\/users\/1"}],"replies":[{"embeddable":true,"href":"https:\/\/uks-gladiator.pl\/index.php?rest_route=%2Fwp%2Fv2%2Fcomments&post=345"}],"version-history":[{"count":0,"href":"https:\/\/uks-gladiator.pl\/index.php?rest_route=\/wp\/v2\/posts\/345\/revisions"}],"wp:attachment":[{"href":"https:\/\/uks-gladiator.pl\/index.php?rest_route=%2Fwp%2Fv2%2Fmedia&parent=345"}],"wp:term":[{"taxonomy":"category","embeddable":true,"href":"https:\/\/uks-gladiator.pl\/index.php?rest_route=%2Fwp%2Fv2%2Fcategories&post=345"},{"taxonomy":"post_tag","embeddable":true,"href":"https:\/\/uks-gladiator.pl\/index.php?rest_route=%2Fwp%2Fv2%2Ftags&post=345"}],"curies":[{"name":"wp","href":"https:\/\/api.w.org\/{rel}","templated":true}]}}