{"id":383,"date":"2014-07-21T21:06:33","date_gmt":"2014-07-21T21:06:33","guid":{"rendered":""},"modified":"-0001-11-30T00:00:00","modified_gmt":"-0001-11-30T00:00:00","slug":"91 ","status":"publish","type":"post","link":"https:\/\/uks-gladiator.pl\/?p=383","title":{"rendered":"S\u0142owacja Liga Kickboxingu`"},"content":{"rendered":"<p>25go stycznia w Bardejovie odby\u0142a si\u0119 S\u0142owacka Otwarta Liga w Kickboxingu. Barwy Gladiatora reprezentowa\u0142o 5 zawodnik\u00f3w. Dw\u00f3ch naszych zawodnik\u00f3w, Jakub Mucha oraz S\u0142awek Motyka debiutowa\u0142o w formule K1, obydwaj przegrali jednak swoje pierwsze walki. Braki techniczne i kondycyjne nadrabiali sercem do walki, jednak tym razem to nie wystarczy\u0142o i nasi zawodnicy musieli uzna\u0107 wy\u017cszo\u015b\u0107 s\u0105siad\u00f3w zza po\u0142udniowej granicy. Kadetka M\u0142odsza Ania Nosal wa\u017c\u0105ca 34 kg z powodu braku zawodniczki w swojej kategorii wagowej(-37) walczy\u0142a z du\u017co ci\u0119\u017csz\u0105 bo 42kilow\u0105 zawodniczk\u0105 z Presova. Ania mimo \u017ce by\u0142y to jej trzecie zawody w \u017cyciu, dzielnie stawia\u0142a czo\u0142a swojej ci\u0119\u017cszej rywalce pokazuj\u0105c charakter jak na gladiatora przysta\u0142o. Ania przegra\u0142a jednak swoj\u0105 pierwsz\u0105 walk\u0119 i odpad\u0142a z dalszej rywalizacji. Nast\u0119pnie walczy\u0142 Konrad Nowak w Pointfightingu w kategorii -63kg. Wygrywaj\u0105c dwie walki przed czasem przez przewag\u0119 techniczn\u0105 (10:0 i 14:4) zdoby\u0142 z\u0142oty medal, w formule kicklight Konrad zosta\u0142 OSZUKANY przez S\u0142owackich s\u0119dzi\u00f3w kt\u00f3rych niech\u0119\u0107 do Polskich zawodnik\u00f3w by\u0142a widoczna na ka\u017cdym kroku, Konrad pewnie wygra\u0142 walk\u0119 fina\u0142ow\u0105 s\u0119dziowie orzekli jednak przegran\u0105 0:3. Konrad musia\u0142 zadowoli\u0107 si\u0119 srebrnym medalem. Weronika Nowak w formule kicklight oraz lightcontact zdoby\u0142a dwa srebrne medale. Werdykty s\u0119dziowskie, kiepska organizacja i og\u00f3lnie panuj\u0105cy chaos wzi\u0105\u0142 g\u00f3r\u0119 nad zdrow\u0105 sportow\u0105 rywalizacj\u0105 i ze wzgl\u0119du na to za rok na pewno do Bardejova nie pojedziemy.<\/p>\n","protected":false},"excerpt":{"rendered":"<p>25go stycznia w Bardejovie odby\u0142a si\u0119 S\u0142owacka Otwarta Liga w Kickboxingu. Barwy Gladiatora reprezentowa\u0142o 5 zawodnik\u00f3w. Dw\u00f3ch naszych zawodnik\u00f3w, Jakub Mucha oraz S\u0142awek Motyka debiutowa\u0142o w formule K1, obydwaj przegrali jednak swoje pierwsze walki. Braki techniczne i kondycyjne nadrabiali sercem do walki, jednak tym razem to nie wystarczy\u0142o i nasi zawodnicy musieli uzna\u0107 wy\u017cszo\u015b\u0107 s\u0105siad\u00f3w &hellip; <\/p>\n<p class=\"link-more\"><a href=\"https:\/\/uks-gladiator.pl\/?p=383\" class=\"more-link\">Continue reading<span class=\"screen-reader-text\"> &#8220;S\u0142owacja Liga Kickboxingu`&#8221;<\/span><\/a><\/p>\n","protected":false},"author":1,"featured_media":0,"comment_status":"open","ping_status":"open","sticky":false,"template":"","format":"standard","meta":{"footnotes":""},"categories":[],"tags":[],"class_list":["post-383","post","type-post","status-publish","format-standard","hentry"],"_links":{"self":[{"href":"https:\/\/uks-gladiator.pl\/index.php?rest_route=\/wp\/v2\/posts\/383","targetHints":{"allow":["GET"]}}],"collection":[{"href":"https:\/\/uks-gladiator.pl\/index.php?rest_route=\/wp\/v2\/posts"}],"about":[{"href":"https:\/\/uks-gladiator.pl\/index.php?rest_route=\/wp\/v2\/types\/post"}],"author":[{"embeddable":true,"href":"https:\/\/uks-gladiator.pl\/index.php?rest_route=\/wp\/v2\/users\/1"}],"replies":[{"embeddable":true,"href":"https:\/\/uks-gladiator.pl\/index.php?rest_route=%2Fwp%2Fv2%2Fcomments&post=383"}],"version-history":[{"count":0,"href":"https:\/\/uks-gladiator.pl\/index.php?rest_route=\/wp\/v2\/posts\/383\/revisions"}],"wp:attachment":[{"href":"https:\/\/uks-gladiator.pl\/index.php?rest_route=%2Fwp%2Fv2%2Fmedia&parent=383"}],"wp:term":[{"taxonomy":"category","embeddable":true,"href":"https:\/\/uks-gladiator.pl\/index.php?rest_route=%2Fwp%2Fv2%2Fcategories&post=383"},{"taxonomy":"post_tag","embeddable":true,"href":"https:\/\/uks-gladiator.pl\/index.php?rest_route=%2Fwp%2Fv2%2Ftags&post=383"}],"curies":[{"name":"wp","href":"https:\/\/api.w.org\/{rel}","templated":true}]}}