{"id":385,"date":"2014-07-21T21:05:21","date_gmt":"2014-07-21T21:05:21","guid":{"rendered":""},"modified":"-0001-11-30T00:00:00","modified_gmt":"-0001-11-30T00:00:00","slug":"93  ","status":"publish","type":"post","link":"https:\/\/uks-gladiator.pl\/?p=385","title":{"rendered":"Eli93 minacje do Mistrzostw Polski kicklight 2014"},"content":{"rendered":"<p>Kolejny turniej za nami, tym razem uczestniczyli\u015bmy w eliminacjach do MP w kicklight na kt\u00f3re pojechali\u015bmy w bardzo okrojonym sk\u0142adzie, ale i tak uda\u0142o si\u0119 zdoby\u0107 kilka &#8220;blaszek&#8221; . W kategorii dzieci medale zdobyli:<br \/>\nSzymon Nowak -28kg z\u0142oty medal<br \/>\nAdam Rzemi\u0144ski -28kg br\u0105zowy medal<br \/>\nKacper Zaj\u0105c -37kg z\u0142oty medal<br \/>\nDarek Matusik -37kg srebrny medal<br \/>\nBartosz Mucha -24kg br\u0105zowy medal<br \/>\nKadet Starszy:<br \/>\nDominik Zeliszewski -37kg srebrny medal<br \/>\nJunior:<br \/>\nJakub Mucha -63kg srebrny medal<br \/>\nNa uwag\u0119 zas\u0142uguje postawa Szymona Nowaka kt\u00f3ry po raz kolejny zdeklasowa\u0142 rywali wygrywaj\u0105c dwie walki w tym jedn\u0105 przed czasem, przez przewag\u0119 techniczn\u0105 oraz Jakuba Muchy kt\u00f3ry pewnie wygra\u0142 pierwsza walk\u0119 a w finale toczy\u0142 b\u00f3j z bardziej utytu\u0142owanym zawodnikiem z Diamentu Pstr\u0105gowa kt\u00f3remu dzielnie stawia\u0142 czo\u0142a, przegra\u0142 niestety stosunkiem g\u0142os\u00f3w 2:1. w Zawodach uczestniczy\u0142 r\u00f3wnie\u017c Konrad Nowak kt\u00f3ry nie zmie\u015bci\u0142 si\u0119 w deklarowanej kategorii wagowej i zosta\u0142 wycofany z rywalizacji. Za tydzie\u0144 podbijamy S\u0142owacj\u0119 ! ju\u017c w przysz\u0142\u0105 sobot\u0119 walczy\u0107 b\u0119dziemy na mi\u0119dzynarodowym turnieju w Bardejovie. trzymajcie kciuki ! <\/p>\n","protected":false},"excerpt":{"rendered":"<p>Kolejny turniej za nami, tym razem uczestniczyli\u015bmy w eliminacjach do MP w kicklight na kt\u00f3re pojechali\u015bmy w bardzo okrojonym sk\u0142adzie, ale i tak uda\u0142o si\u0119 zdoby\u0107 kilka &#8220;blaszek&#8221; . W kategorii dzieci medale zdobyli: Szymon Nowak -28kg z\u0142oty medal Adam Rzemi\u0144ski -28kg br\u0105zowy medal Kacper Zaj\u0105c -37kg z\u0142oty medal Darek Matusik -37kg srebrny medal Bartosz &hellip; <\/p>\n<p class=\"link-more\"><a href=\"https:\/\/uks-gladiator.pl\/?p=385\" class=\"more-link\">Continue reading<span class=\"screen-reader-text\"> &#8220;Eli93 minacje do Mistrzostw Polski kicklight 2014&#8221;<\/span><\/a><\/p>\n","protected":false},"author":1,"featured_media":0,"comment_status":"open","ping_status":"open","sticky":false,"template":"","format":"standard","meta":{"footnotes":""},"categories":[],"tags":[],"class_list":["post-385","post","type-post","status-publish","format-standard","hentry"],"_links":{"self":[{"href":"https:\/\/uks-gladiator.pl\/index.php?rest_route=\/wp\/v2\/posts\/385","targetHints":{"allow":["GET"]}}],"collection":[{"href":"https:\/\/uks-gladiator.pl\/index.php?rest_route=\/wp\/v2\/posts"}],"about":[{"href":"https:\/\/uks-gladiator.pl\/index.php?rest_route=\/wp\/v2\/types\/post"}],"author":[{"embeddable":true,"href":"https:\/\/uks-gladiator.pl\/index.php?rest_route=\/wp\/v2\/users\/1"}],"replies":[{"embeddable":true,"href":"https:\/\/uks-gladiator.pl\/index.php?rest_route=%2Fwp%2Fv2%2Fcomments&post=385"}],"version-history":[{"count":0,"href":"https:\/\/uks-gladiator.pl\/index.php?rest_route=\/wp\/v2\/posts\/385\/revisions"}],"wp:attachment":[{"href":"https:\/\/uks-gladiator.pl\/index.php?rest_route=%2Fwp%2Fv2%2Fmedia&parent=385"}],"wp:term":[{"taxonomy":"category","embeddable":true,"href":"https:\/\/uks-gladiator.pl\/index.php?rest_route=%2Fwp%2Fv2%2Fcategories&post=385"},{"taxonomy":"post_tag","embeddable":true,"href":"https:\/\/uks-gladiator.pl\/index.php?rest_route=%2Fwp%2Fv2%2Ftags&post=385"}],"curies":[{"name":"wp","href":"https:\/\/api.w.org\/{rel}","templated":true}]}}