{"id":437,"date":"2014-07-21T21:02:39","date_gmt":"2014-07-21T21:02:39","guid":{"rendered":""},"modified":"-0001-11-30T00:00:00","modified_gmt":"-0001-11-30T00:00:00","slug":"95  ","status":"publish","type":"post","link":"https:\/\/uks-gladiator.pl\/?p=437","title":{"rendered":"Mus96 zynianka Cup 2013"},"content":{"rendered":"<p>W dniach 6-7.12.2013 w Krynicy Zdr\u00f3j odby\u0142 sie turniej pod nazw\u0105 &#8220;Muszynianka Cup&#8221; z kt\u00f3rego przywie\u017ali\u015bmy worek medali. Pi\u0119\u0107 z\u0142otych i pi\u0119\u0107 srebrnych medali sta\u0142o si\u0119 udzia\u0142em naszych zawodnik\u00f3w. Nasz klub reprezentowa\u0142o o\u015bmioro gladiator\u00f3w z tego 6tka to dzieci pierwszy raz startuj\u0105ce na zawodach. Dyspozycja dzieciak\u00f3w przeros\u0142a nasze naj\u015bmielsze oczekiwania. Z\u0142oty medal w kat 8latk\u00f3w -28kg wywalczy\u0142 Szymon Nowak po dw\u00f3ch pi\u0119knych i emocjonuj\u0105cych walkach. Z\u0142oto wywalczy\u0142 r\u00f3wnie\u017c Dariusz Matusik kat 9latk\u00f3w -37kg kt\u00f3ry r\u00f3wnie\u017c wygra\u0142 dwie walki, fina\u0142ow\u0105 ze swoim klubowym koleg\u0105 Kacprem Zaj\u0105c. Kolejny z\u0142oty kr\u0105\u017cek zdoby\u0142 Ada\u015b Rzemi\u0144ski (kat.7 latk\u00f3w -24kg) po wygranej walce p\u00f3\u0142fina\u0142owej podobnie jak Darek w finale stoczy\u0142 bratob\u00f3jczy pojedynek z naszym zawodnikiem Bartoszem Mucha pokonuj\u0105c go na punkty. Srebro w swoim debiucie wywalczy\u0142a Ania Nosal kt\u00f3ra startowa\u0142a w kat -32kg kadetek m\u0142odszych. Ania pewnie wygra\u0142a pierwsz\u0105 walk\u0119 z utytu\u0142owan\u0105 zawodniczk\u0105 z \u0141ukowa,w finale uleg\u0142a zawodniczce z Bielska kt\u00f3ra jest tegoroczn\u0105 Mistrzyni\u0105 Europy, warto doda\u0107 ze Ania przegra\u0142a tylko jednym punktem. Nie zawiod\u0142a nas te\u017c nasza &#8220;stara gwardia&#8221; Weronika Nowak zdoby\u0142a srebrny medal w lightcontact kadetek starszych -55kg oraz z\u0142oto w kicklight. Konrad Nowak srebro w formule pointfighting i z\u0142oto w kicklight kadet\u00f3w starszych -63kg. Serdeczne podzi\u0119kowania kierujemy do Pana Jaros\u0142awa Go\u0142y\u017aniaka w\u0142a\u015bciciela restauracji &#8220;Starowiejska&#8221; w Grybowie za pomoc w wyje\u017adzie na zawody<\/p>\n","protected":false},"excerpt":{"rendered":"<p>W dniach 6-7.12.2013 w Krynicy Zdr\u00f3j odby\u0142 sie turniej pod nazw\u0105 &#8220;Muszynianka Cup&#8221; z kt\u00f3rego przywie\u017ali\u015bmy worek medali. Pi\u0119\u0107 z\u0142otych i pi\u0119\u0107 srebrnych medali sta\u0142o si\u0119 udzia\u0142em naszych zawodnik\u00f3w. Nasz klub reprezentowa\u0142o o\u015bmioro gladiator\u00f3w z tego 6tka to dzieci pierwszy raz startuj\u0105ce na zawodach. Dyspozycja dzieciak\u00f3w przeros\u0142a nasze naj\u015bmielsze oczekiwania. Z\u0142oty medal w kat 8latk\u00f3w &hellip; <\/p>\n<p class=\"link-more\"><a href=\"https:\/\/uks-gladiator.pl\/?p=437\" class=\"more-link\">Continue reading<span class=\"screen-reader-text\"> &#8220;Mus96 zynianka Cup 2013&#8221;<\/span><\/a><\/p>\n","protected":false},"author":1,"featured_media":0,"comment_status":"open","ping_status":"open","sticky":false,"template":"","format":"standard","meta":{"footnotes":""},"categories":[],"tags":[],"class_list":["post-437","post","type-post","status-publish","format-standard","hentry"],"_links":{"self":[{"href":"https:\/\/uks-gladiator.pl\/index.php?rest_route=\/wp\/v2\/posts\/437","targetHints":{"allow":["GET"]}}],"collection":[{"href":"https:\/\/uks-gladiator.pl\/index.php?rest_route=\/wp\/v2\/posts"}],"about":[{"href":"https:\/\/uks-gladiator.pl\/index.php?rest_route=\/wp\/v2\/types\/post"}],"author":[{"embeddable":true,"href":"https:\/\/uks-gladiator.pl\/index.php?rest_route=\/wp\/v2\/users\/1"}],"replies":[{"embeddable":true,"href":"https:\/\/uks-gladiator.pl\/index.php?rest_route=%2Fwp%2Fv2%2Fcomments&post=437"}],"version-history":[{"count":0,"href":"https:\/\/uks-gladiator.pl\/index.php?rest_route=\/wp\/v2\/posts\/437\/revisions"}],"wp:attachment":[{"href":"https:\/\/uks-gladiator.pl\/index.php?rest_route=%2Fwp%2Fv2%2Fmedia&parent=437"}],"wp:term":[{"taxonomy":"category","embeddable":true,"href":"https:\/\/uks-gladiator.pl\/index.php?rest_route=%2Fwp%2Fv2%2Fcategories&post=437"},{"taxonomy":"post_tag","embeddable":true,"href":"https:\/\/uks-gladiator.pl\/index.php?rest_route=%2Fwp%2Fv2%2Ftags&post=437"}],"curies":[{"name":"wp","href":"https:\/\/api.w.org\/{rel}","templated":true}]}}