{"id":453,"date":"2014-07-21T20:51:21","date_gmt":"2014-07-21T20:51:21","guid":{"rendered":""},"modified":"-0001-11-30T00:00:00","modified_gmt":"-0001-11-30T00:00:00","slug":"111 ","status":"publish","type":"post","link":"https:\/\/uks-gladiator.pl\/?p=453","title":{"rendered":"Mis112trzostwa Polski kicklight 2014"},"content":{"rendered":"<p>Tr\u00f3jka naszych zawodnik\u00f3w bra\u0142a udzia\u0142 w Mistrzostwach Polski Kick-light 26-28.2013. Niestety wszyscy przegrali swoje walki eliminacyjne. Dla Rafa\u0142a \u015awi\u0119sa by\u0142a to pierwsza walka w \u017cyciu. Rafa\u0142 walczy\u0142 z zawodnikiem o 15kg ci\u0119\u017cszym od siebie jednak dzielnie stawia\u0142 mu czo\u0142a, przegra\u0142 niestety przez RSC w trzeciej rundzie. Dla Jareka Gaja r\u00f3wnie\u017c by\u0142y to pierwsze zawody w \u017cyciu i jak to m\u00f3wi\u0105 &#8220;pierwsze koty za p\u0142oty&#8221; Jarek przegra\u0142 na punkty walk\u0119 z du\u017co bardziej do\u015bwiadczonym zawodnikiem ale pokaza\u0142 si\u0119 z dobrej strony i serca do walki mu nie brakowa\u0142o. W zawodach bra\u0142 udzia\u0142 te\u017c S\u0142awek Motyka, troch\u0119 bardziej do\u015bwiadczony zawodnik. S\u0142awek przegra\u0142 walk\u0119 z Dominikiem Gryz\u0142o z Krynickiego Jas-Polu. Teraz mamy czas na wyci\u0105gni\u0119cie wniosk\u00f3w i poprawienie b\u0142\u0119d\u00f3w. a w najbli\u017cszy weekend w Krynicy Puchar Polski w kt\u00f3rym b\u0119dziemy bra\u0107 udzia\u0142 troch\u0119 wi\u0119ksz\u0105 ekip\u0105. Zapraszamy wszystkich w sobot\u0119 i niedziel\u0119 na Krynickie lodowisko ! <\/p>\n","protected":false},"excerpt":{"rendered":"<p>Tr\u00f3jka naszych zawodnik\u00f3w bra\u0142a udzia\u0142 w Mistrzostwach Polski Kick-light 26-28.2013. Niestety wszyscy przegrali swoje walki eliminacyjne. Dla Rafa\u0142a \u015awi\u0119sa by\u0142a to pierwsza walka w \u017cyciu. Rafa\u0142 walczy\u0142 z zawodnikiem o 15kg ci\u0119\u017cszym od siebie jednak dzielnie stawia\u0142 mu czo\u0142a, przegra\u0142 niestety przez RSC w trzeciej rundzie. Dla Jareka Gaja r\u00f3wnie\u017c by\u0142y to pierwsze zawody w &hellip; <\/p>\n<p class=\"link-more\"><a href=\"https:\/\/uks-gladiator.pl\/?p=453\" class=\"more-link\">Continue reading<span class=\"screen-reader-text\"> &#8220;Mis112trzostwa Polski kicklight 2014&#8221;<\/span><\/a><\/p>\n","protected":false},"author":1,"featured_media":0,"comment_status":"open","ping_status":"open","sticky":false,"template":"","format":"standard","meta":{"footnotes":""},"categories":[],"tags":[],"class_list":["post-453","post","type-post","status-publish","format-standard","hentry"],"_links":{"self":[{"href":"https:\/\/uks-gladiator.pl\/index.php?rest_route=\/wp\/v2\/posts\/453","targetHints":{"allow":["GET"]}}],"collection":[{"href":"https:\/\/uks-gladiator.pl\/index.php?rest_route=\/wp\/v2\/posts"}],"about":[{"href":"https:\/\/uks-gladiator.pl\/index.php?rest_route=\/wp\/v2\/types\/post"}],"author":[{"embeddable":true,"href":"https:\/\/uks-gladiator.pl\/index.php?rest_route=\/wp\/v2\/users\/1"}],"replies":[{"embeddable":true,"href":"https:\/\/uks-gladiator.pl\/index.php?rest_route=%2Fwp%2Fv2%2Fcomments&post=453"}],"version-history":[{"count":0,"href":"https:\/\/uks-gladiator.pl\/index.php?rest_route=\/wp\/v2\/posts\/453\/revisions"}],"wp:attachment":[{"href":"https:\/\/uks-gladiator.pl\/index.php?rest_route=%2Fwp%2Fv2%2Fmedia&parent=453"}],"wp:term":[{"taxonomy":"category","embeddable":true,"href":"https:\/\/uks-gladiator.pl\/index.php?rest_route=%2Fwp%2Fv2%2Fcategories&post=453"},{"taxonomy":"post_tag","embeddable":true,"href":"https:\/\/uks-gladiator.pl\/index.php?rest_route=%2Fwp%2Fv2%2Ftags&post=453"}],"curies":[{"name":"wp","href":"https:\/\/api.w.org\/{rel}","templated":true}]}}